{"id":5097,"date":"2015-02-27T10:29:30","date_gmt":"2015-02-27T09:29:30","guid":{"rendered":"https:\/\/inclusioaltemporda.cat\/portal\/?p=5097"},"modified":"2016-02-01T09:25:39","modified_gmt":"2016-02-01T08:25:39","slug":"la-taula-inclusio-alt-emporda-avanca-en-la-definicio-de-noves-accions","status":"publish","type":"post","link":"https:\/\/inclusioaltemporda.cat\/portal\/la-taula-inclusio-alt-emporda-avanca-en-la-definicio-de-noves-accions\/","title":{"rendered":"La Taula Inclusi\u00f3 Alt Empord\u00e0 avan\u00e7a en la definici\u00f3 de noves accions"},"content":{"rendered":"<p>La <a href=\"http:\/\/www.plataformaentitatsaltemporda.cat\/\" target=\"_blank\">Taula Inclusi\u00f3 Alt Empord\u00e0<\/a>, que aglutina una vintena d&#8217;entitats socials de la comarca, s&#8217;ha reunit aquesta setmana amb l&#8217;objectiu de compartir i avan\u00e7ar en la definici\u00f3 de les accions que a principi de curs es va fixar com a objectius de treball: la definici\u00f3 d&#8217;un projecte pilot de lleure educatiu per a infants en municipis rurals, i la 2a Jornada de formaci\u00f3 sobre gesti\u00f3 de voluntariat.<\/p>\n<p>El grup de treball de lleure educatiu de la Taula Inclusi\u00f3, en qu\u00e8 participen representants d&#8217;entitats i del Consell Comarcal, est\u00e0 definint un projecte pilot que ser\u00e0 implementat el proper estiu en alguns municipis de la comarca situats en un entorn rural. Aquest actuaci\u00f3 vol promoure una proposta de car\u00e0cter universal per fomentar una oferta de lleure oberta, diversa i plural, d&#8217;acc\u00e9s lliure per als infants d&#8217;aquestes poblacions. La proposta que s&#8217;est\u00e0 treballant pret\u00e9n introduir la gesti\u00f3 de la diversitat i la interculturalitat en les activitats per refor\u00e7ar espais socials que facilitin el coneixement personal, permetin trencar estereotips i prevenir conductes racistes, sexistes i hom\u00f2fobes en els m\u00e9s petits.<\/p>\n<p>Pel que fa la Jornada de formaci\u00f3 sobre gesti\u00f3 d&#8217;equips i voluntariat, que enguany celebrar\u00e0 la segona edici\u00f3, la Taula va acordar dur-la a terme el proper 11 d&#8217;abril. L&#8217;activitat, organitzada conjuntament amb l&#8217;Ajuntament de Figueres, el Consell Comarcal i la Fundaci\u00f3 Clerch i Nicolau, pret\u00e9n consolidar-se com espai de formaci\u00f3 en l&#8217;\u00e0mbit del voluntariat al territori.<\/p>\n<p>Finalment, les entitats de la Taula tamb\u00e9 acordaren iniciar el proc\u00e9s d&#8217;elaboraci\u00f3 de l&#8217;<a href=\"https:\/\/inclusioaltemporda.cat\/portal\/la-taula-inclusio-alt-emporda-publica-linforme-social-2013\/\" target=\"_blank\">Informe social<\/a> 2014, fet a partir de dades proporcionades per les entitats i el Consell Comarcal en els diferents \u00e0mbits d&#8217;inclusi\u00f3 social. L&#8217;objectiu de la Taula \u00e9s fer p\u00fablic l&#8217;informe durant el mes de juliol.<\/p>\n<p>La Taula per a la Inclusi\u00f3 i la Cohesi\u00f3 Social de l\u2019Alt Empord\u00e0 \u00e9s un espai de treball que agrupa entitats de l\u2019\u00e0mbit social de la comarca i el Consell Comarcal, desenvolupant funcions d\u2019assessorament, consulta, proposta i participaci\u00f3 de les entitats socials de la comarca en el Pla per a la Inclusi\u00f3 i la Cohesi\u00f3 social de l&#8217;Alt Empord\u00e0 2013-2016.<\/p>\n<p>&nbsp;<\/p>\n<p>&nbsp;<\/p>\n<p>&nbsp;<\/p>\n","protected":false},"excerpt":{"rendered":"<p>La Taula Inclusi\u00f3 est\u00e0 treballant aquest curs una actuaci\u00f3 pilot en l&#8217;\u00e0mbit de l&#8217;educaci\u00f3 en el lleure per a infants i en la 2a Jornada de formaci\u00f3 sobre voluntariat<\/p>\n","protected":false},"author":2,"featured_media":3809,"comment_status":"closed","ping_status":"closed","sticky":false,"template":"","format":"standard","meta":{"footnotes":""},"categories":[106,100,101,104,103,1,108,12,11],"tags":[],"class_list":["post-5097","post","type-post","status-publish","format-standard","has-post-thumbnail","hentry","category-administracions","category-area-benestar","category-ciutadania","category-entitats-socials","category-estudiants-escoles-instituts","category-general","category-mitjans-comunicacio","category-pla-dinclusio-2","category-taula-inclusio","category-106","category-100","category-101","category-104","category-103","category-1","category-108","category-12","category-11","description-off"],"_links":{"self":[{"href":"https:\/\/inclusioaltemporda.cat\/portal\/wp-json\/wp\/v2\/posts\/5097","targetHints":{"allow":["GET"]}}],"collection":[{"href":"https:\/\/inclusioaltemporda.cat\/portal\/wp-json\/wp\/v2\/posts"}],"about":[{"href":"https:\/\/inclusioaltemporda.cat\/portal\/wp-json\/wp\/v2\/types\/post"}],"author":[{"embeddable":true,"href":"https:\/\/inclusioaltemporda.cat\/portal\/wp-json\/wp\/v2\/users\/2"}],"replies":[{"embeddable":true,"href":"https:\/\/inclusioaltemporda.cat\/portal\/wp-json\/wp\/v2\/comments?post=5097"}],"version-history":[{"count":7,"href":"https:\/\/inclusioaltemporda.cat\/portal\/wp-json\/wp\/v2\/posts\/5097\/revisions"}],"predecessor-version":[{"id":5107,"href":"https:\/\/inclusioaltemporda.cat\/portal\/wp-json\/wp\/v2\/posts\/5097\/revisions\/5107"}],"wp:featuredmedia":[{"embeddable":true,"href":"https:\/\/inclusioaltemporda.cat\/portal\/wp-json\/wp\/v2\/media\/3809"}],"wp:attachment":[{"href":"https:\/\/inclusioaltemporda.cat\/portal\/wp-json\/wp\/v2\/media?parent=5097"}],"wp:term":[{"taxonomy":"category","embeddable":true,"href":"https:\/\/inclusioaltemporda.cat\/portal\/wp-json\/wp\/v2\/categories?post=5097"},{"taxonomy":"post_tag","embeddable":true,"href":"https:\/\/inclusioaltemporda.cat\/portal\/wp-json\/wp\/v2\/tags?post=5097"}],"curies":[{"name":"wp","href":"https:\/\/api.w.org\/{rel}","templated":true}]}}