{"id":5113,"date":"2015-03-05T09:44:20","date_gmt":"2015-03-05T08:44:20","guid":{"rendered":"https:\/\/inclusioaltemporda.cat\/portal\/?p=5113"},"modified":"2016-02-01T09:25:39","modified_gmt":"2016-02-01T08:25:39","slug":"comenca-una-nova-edicio-dels-tallers-de-memoria-i-de-gimnas-per-a-gent-gran","status":"publish","type":"post","link":"https:\/\/inclusioaltemporda.cat\/portal\/comenca-una-nova-edicio-dels-tallers-de-memoria-i-de-gimnas-per-a-gent-gran\/","title":{"rendered":"Comen\u00e7a una nova edici\u00f3 dels Tallers de Mem\u00f2ria i de Gimn\u00e0s per a gent gran"},"content":{"rendered":"<p>Aquest mes de mar\u00e7 es posa en marxa l&#8217;edici\u00f3 de primavera dels Tallers de Mem\u00f2ria i els Tallers de Gimn\u00e0s per a gent gran a diferents municipis de la comarca.<\/p>\n<p>Aquests tallers, promoguts i impartits per professionals de l\u2019\u00e0rea de Benestar del Consell Comarcal tenen com a finalitat promoure un envelliment actiu de la poblaci\u00f3 de la comarca.<\/p>\n<p>Els tallers s\u2019adrecen a les persones majors de 65 anys i es fan en els municipis que han sol\u00b7licitat aquesta activitat mitjan\u00e7ant el seu ajuntament. La finalitat d\u2019aquestes activitats \u00e9s treballar de forma \u00edntegra l\u2019estimulaci\u00f3 de les capacitats f\u00edsiques i mentals de les persones grans.<\/p>\n<p>El Taller de Mem\u00f2ria facilita un entrenament de les capacitats que intervenen en la mem\u00f2ria i altres facultats mentals associades. Aquesta activitat consta de diferents sessions d\u2019una hora setmanal.<\/p>\n<p>El Taller de Gimn\u00e0s t\u00e9 com a finalitat mantenir la forma f\u00edsica i promoure un envelliment saludable. Les activitats programades permeten mantenir i millorar les capacitats f\u00edsiques, treballar la mobilitat, la for\u00e7a, la flexibilitat, la coordinaci\u00f3, l\u2019equilibri i la respiraci\u00f3. El Taller tamb\u00e9 facilita t\u00e8cniques de relaxaci\u00f3 i bons h\u00e0bits per prevenir lesions. El Taller es duu a terme en diferents sessions d\u2019una hora setmanal.<\/p>\n<p>Aquesta primavera es faran 29 Tallers de Mem\u00f2ria als municipis seg\u00fcents: Albany\u00e0, Avinyonet de Puigvent\u00f3s, Biure, Cabanes, Colera, El Far d&#8217;Empord\u00e0, El Port de la Selva, Espolla, Garrig\u00e0s, La Jonquera, Llad\u00f3, Llan\u00e7\u00e0, L&#8217;Escala, Mollet de Perelada, Perelada, Pont\u00f3s, Rab\u00f3s, Sant Climent Sescebes, Sant Lloren\u00e7 de la Muga, Sant Miquel de Fluvi\u00e0, Sant Pere Pescador, Terrades, Vilarnadal, Vilamalla, Vilamaniscle i Vila-Sacra.<\/p>\n<p>Tamb\u00e9 s\u2019han programat 12 Tallers de Gimn\u00e0s als municipis seg\u00fcents: Cabanes, Cadaqu\u00e9s, Cantallops, Capmany, Colera, Darnius, El Far d&#8217;Empord\u00e0, Forti\u00e0, Navata,\u00a0 Palau de Santa Eul\u00e0lia, Santa Llogaia i Pau.<\/p>\n<p>Si teniu inter\u00e8s a participar en algun d\u2019aquests Tallers, <a href=\"https:\/\/inclusioaltemporda.cat\/portal\/wp-content\/uploads\/Tallers-primavera_2015.pdf\">podeu consultar municipis i horaris en aquest enlla\u00e7<\/a>.<\/p>\n","protected":false},"excerpt":{"rendered":"<p>Aquest mes de mar\u00e7 es posa en marxa l&#8217;edici\u00f3 de primavera dels Tallers de Mem\u00f2ria i els Tallers de Gimn\u00e0s per a gent gran a diferents municipis de la comarca.<\/p>\n","protected":false},"author":3,"featured_media":5119,"comment_status":"closed","ping_status":"closed","sticky":false,"template":"","format":"standard","meta":{"footnotes":""},"categories":[1],"tags":[],"class_list":["post-5113","post","type-post","status-publish","format-standard","has-post-thumbnail","hentry","category-general","category-1","description-off"],"_links":{"self":[{"href":"https:\/\/inclusioaltemporda.cat\/portal\/wp-json\/wp\/v2\/posts\/5113","targetHints":{"allow":["GET"]}}],"collection":[{"href":"https:\/\/inclusioaltemporda.cat\/portal\/wp-json\/wp\/v2\/posts"}],"about":[{"href":"https:\/\/inclusioaltemporda.cat\/portal\/wp-json\/wp\/v2\/types\/post"}],"author":[{"embeddable":true,"href":"https:\/\/inclusioaltemporda.cat\/portal\/wp-json\/wp\/v2\/users\/3"}],"replies":[{"embeddable":true,"href":"https:\/\/inclusioaltemporda.cat\/portal\/wp-json\/wp\/v2\/comments?post=5113"}],"version-history":[{"count":2,"href":"https:\/\/inclusioaltemporda.cat\/portal\/wp-json\/wp\/v2\/posts\/5113\/revisions"}],"predecessor-version":[{"id":5120,"href":"https:\/\/inclusioaltemporda.cat\/portal\/wp-json\/wp\/v2\/posts\/5113\/revisions\/5120"}],"wp:featuredmedia":[{"embeddable":true,"href":"https:\/\/inclusioaltemporda.cat\/portal\/wp-json\/wp\/v2\/media\/5119"}],"wp:attachment":[{"href":"https:\/\/inclusioaltemporda.cat\/portal\/wp-json\/wp\/v2\/media?parent=5113"}],"wp:term":[{"taxonomy":"category","embeddable":true,"href":"https:\/\/inclusioaltemporda.cat\/portal\/wp-json\/wp\/v2\/categories?post=5113"},{"taxonomy":"post_tag","embeddable":true,"href":"https:\/\/inclusioaltemporda.cat\/portal\/wp-json\/wp\/v2\/tags?post=5113"}],"curies":[{"name":"wp","href":"https:\/\/api.w.org\/{rel}","templated":true}]}}