{"id":5124,"date":"2015-03-06T09:52:35","date_gmt":"2015-03-06T08:52:35","guid":{"rendered":"https:\/\/inclusioaltemporda.cat\/portal\/?p=5124"},"modified":"2016-02-01T09:25:38","modified_gmt":"2016-02-01T08:25:38","slug":"dia-internacional-de-les-dones-a-lalt-emporda","status":"publish","type":"post","link":"https:\/\/inclusioaltemporda.cat\/portal\/dia-internacional-de-les-dones-a-lalt-emporda\/","title":{"rendered":"Dia Internacional de les Dones a l&#8217;Alt Empord\u00e0"},"content":{"rendered":"<p><!--:CA-->El proper diumenge 8 de mar\u00e7 es commemora el Dia Internacional de les Dones. En diversos municipis de la comarca s&#8217;estan organitzant actes per recordar no nom\u00e9s els fets hist\u00f2rics que van donar origen a aquesta celebraci\u00f3 -podeu accedir en aquest <a title=\"enlla\u00e7\" href=\"http:\/\/www20.gencat.cat\/portal\/site\/icdones\/menuitem.4b491b5fa301c8a439a72641b0c0e1a0\/?vgnextoid=c268792b0ba4f110VgnVCM1000008d0c1e0aRCRD&amp;vgnextchannel=c268792b0ba4f110VgnVCM1000008d0c1e0aRCRD&amp;vgnextfmt=default\" target=\"_blank\">enlla\u00e7<\/a> a una breu refer\u00e8ncia- sin\u00f3 tamb\u00e9 per visibilitzar les desigualtats de g\u00e8nere que encara persisteixen en la nostra societat i la contribuci\u00f3 i el treball laboral i dom\u00e8stic de les dones en el dia a dia del pa\u00eds. En aquesta direcci\u00f3 el govern de la Generalitat ha aprovat una declaraci\u00f3 institucional, a la qual podeu accedir des d&#8217;aquest <a href=\"http:\/\/dones.gencat.cat\/web\/.content\/04_temes\/docs\/declaracio8marc.pdf\" target=\"_blank\">enlla\u00e7<\/a>, i ha convocat <a href=\"https:\/\/inclusioaltemporda.cat\/portal\/wp-content\/uploads\/cartell-actes-institucionals_8-de-mar\u00e7.jpg\" target=\"_blank\">actes institucionals<\/a> a totes les Delegacions territorials de la Generalitat.<\/p>\n<p>En el marc dels actes de commemoraci\u00f3 del Dia Internacional de les Dones, l\u2019Institut Catal\u00e0 de les Dones (ICD) ha promogut la campanya de sensibilitzaci\u00f3 <a href=\"http:\/\/dones.gencat.cat\/web\/.content\/04_temes\/docs\/8m_online.pdf\" target=\"_blank\">&#8220;Tu mous fitxa&#8221;<\/a>, l&#8217;objectiu de la qual \u00e9s promoure la reflexi\u00f3 i la revisi\u00f3 individual de cada ciutad\u00e0 i ciutadana al voltant del concepte equitat de g\u00e8nere, ja sigui en l\u2019\u00e0mbit professional, com en les relacions familiars i personals.<\/p>\n<p>A l&#8217;Alt Empord\u00e0 l&#8217;agenda d&#8217;actes de commemoraci\u00f3 del Dia Internacional de les Dones \u00e9s la seg\u00fcent:<\/p>\n<p><em><strong>Figueres<\/strong><\/em><\/p>\n<p>7\/03. <a href=\"https:\/\/inclusioaltemporda.cat\/portal\/wp-content\/uploads\/dona.jpg\" target=\"_blank\">2a Nit de la Dona<\/a><\/p>\n<p>7\/03. <a href=\"https:\/\/inclusioaltemporda.cat\/portal\/wp-content\/uploads\/Sopar-Dones_La-Cate.pdf\" target=\"_blank\">Sopar de dones <\/a><\/p>\n<p><strong><em>Roses<\/em><\/strong><\/p>\n<p>8\/03. <a href=\"http:\/\/www.roses.cat\/noticies\/roses-celebra-el-dia-internacional-de-les-dones\" target=\"_blank\">Projecci\u00f3 del documental &#8220;H&#8221; i lectura del manifest &#8220;El m\u00f3n local mou fitxa&#8221;<\/a><\/p>\n<p><strong><em>Castell\u00f3 d&#8217;Emp\u00faries<\/em><\/strong><\/p>\n<p>7\/03. <a href=\"https:\/\/twitter.com\/Castello_Emp\/status\/573241070248718339\" target=\"_blank\">Lectura del manifest i actuaci\u00f3 de &#8220;De Calaix&#8221;<\/a><\/p>\n<p><strong><em>L&#8217;Escala<\/em><\/strong><\/p>\n<p>7\/03. <a href=\"http:\/\/www.lescala-empuries.com\/web08\/index.php?apartat=agenda&amp;d=2015-3-7\" target=\"_blank\">Confer\u00e8ncia en motiu del Dia Internacional de la Dona Treballadora<\/a><\/p>\n<p><strong><em>Llan\u00e7\u00e0<\/em><\/strong><br title=\"L'Escala\" \/>7\/03. <a href=\"http:\/\/www.llanca.cat\/web\/?p=7245\" target=\"_blank\">Inauguraci\u00f3 de l&#8217;exposici\u00f3 &#8220;Records del dia de la Dona a Llan\u00e7\u00e0&#8221; i espectacle musical amb el quartet Delikatessen<\/a><\/p>\n<p>14\/03. <a href=\"http:\/\/www.llanca.cat\/web\/?p=7245\" target=\"_blank\">Sopar del Dia de la Dona<\/a><\/p>\n<p>&nbsp;<\/p>\n<p><!--:--><!--:fr--><\/p>\n<p><!--:--><!--:es--><\/p>\n<p><!--:--><\/p>\n","protected":false},"excerpt":{"rendered":"<p>El proper diumenge 8 de mar\u00e7 es commemora el Dia Internacional de les Dones. A la comarca diversos ajuntaments i entitats organitzen activitats en el marc d&#8217;aquesta commemoraci\u00f3.<\/p>\n","protected":false},"author":2,"featured_media":1348,"comment_status":"closed","ping_status":"closed","sticky":false,"template":"","format":"standard","meta":{"footnotes":""},"categories":[106,33,101,104,103,1,108],"tags":[],"class_list":["post-5124","post","type-post","status-publish","format-standard","has-post-thumbnail","hentry","category-administracions","category-agenda","category-ciutadania","category-entitats-socials","category-estudiants-escoles-instituts","category-general","category-mitjans-comunicacio","category-106","category-33","category-101","category-104","category-103","category-1","category-108","description-off"],"_links":{"self":[{"href":"https:\/\/inclusioaltemporda.cat\/portal\/wp-json\/wp\/v2\/posts\/5124","targetHints":{"allow":["GET"]}}],"collection":[{"href":"https:\/\/inclusioaltemporda.cat\/portal\/wp-json\/wp\/v2\/posts"}],"about":[{"href":"https:\/\/inclusioaltemporda.cat\/portal\/wp-json\/wp\/v2\/types\/post"}],"author":[{"embeddable":true,"href":"https:\/\/inclusioaltemporda.cat\/portal\/wp-json\/wp\/v2\/users\/2"}],"replies":[{"embeddable":true,"href":"https:\/\/inclusioaltemporda.cat\/portal\/wp-json\/wp\/v2\/comments?post=5124"}],"version-history":[{"count":6,"href":"https:\/\/inclusioaltemporda.cat\/portal\/wp-json\/wp\/v2\/posts\/5124\/revisions"}],"predecessor-version":[{"id":5141,"href":"https:\/\/inclusioaltemporda.cat\/portal\/wp-json\/wp\/v2\/posts\/5124\/revisions\/5141"}],"wp:featuredmedia":[{"embeddable":true,"href":"https:\/\/inclusioaltemporda.cat\/portal\/wp-json\/wp\/v2\/media\/1348"}],"wp:attachment":[{"href":"https:\/\/inclusioaltemporda.cat\/portal\/wp-json\/wp\/v2\/media?parent=5124"}],"wp:term":[{"taxonomy":"category","embeddable":true,"href":"https:\/\/inclusioaltemporda.cat\/portal\/wp-json\/wp\/v2\/categories?post=5124"},{"taxonomy":"post_tag","embeddable":true,"href":"https:\/\/inclusioaltemporda.cat\/portal\/wp-json\/wp\/v2\/tags?post=5124"}],"curies":[{"name":"wp","href":"https:\/\/api.w.org\/{rel}","templated":true}]}}