{"id":5146,"date":"2015-03-09T12:05:59","date_gmt":"2015-03-09T11:05:59","guid":{"rendered":"https:\/\/inclusioaltemporda.cat\/portal\/?p=5146"},"modified":"2016-02-01T09:25:37","modified_gmt":"2016-02-01T08:25:37","slug":"obert-el-proces-de-seleccio-de-diferents-perfils-professionals-per-al-projecte-oficis-per-a-la-comunitat","status":"publish","type":"post","link":"https:\/\/inclusioaltemporda.cat\/portal\/obert-el-proces-de-seleccio-de-diferents-perfils-professionals-per-al-projecte-oficis-per-a-la-comunitat\/","title":{"rendered":"Proc\u00e9s de selecci\u00f3 de diferents perfils professionals per al projecte &#8220;Oficis per a la comunitat&#8221;"},"content":{"rendered":"<p>El Consell Comarcal de l&#8217;Alt Empord\u00e0 convoca un proc\u00e9s de selecci\u00f3 per a la contractaci\u00f3 laboral temporal de diferents perfils professionals en el marc de la convocat\u00f2ria d&#8217;accions d&#8217;ocupaci\u00f3 del programa &#8220;Salut i Crisi&#8221; de Dipsalut.<\/p>\n<p>El projecte \u201cOficis per a la comunitat: noves oportunitats per sortir de la crisi\u201d, liderat pel Consell Comarcal en el marc de l&#8217;esmentada convocat\u00f2ria de DipSalut, pret\u00e9n facilitar l&#8217;ocupabilitat de persones directament afectades per la crisi amb perfils de risc d&#8217;exclusi\u00f3 social en programes comarcals. En aquest sentit, el projecte vol promoure oportunitats laborals per a perfils de risc en les pr\u00f2pies estructures dels serveis socials b\u00e0sics del Consell, promoure la creaci\u00f3 de llocs de treball que reverteixin i benefici\u00efn la poblaci\u00f3 en risc afectada per la crisi, i en tercer lloc, incentivar nous programes comunitaris que facilitin l&#8217;ocupabilitat futura de perfils de risc en el territori en activitats productives autogestionades i sostenibles.<\/p>\n<p>Els perfils professionals espec\u00edfics pels que s&#8217;ha obert la convocat\u00f2ria s\u00f3n els seg\u00fcents:<\/p>\n<ul>\n<li><a href=\"http:\/\/www.altemporda.org\/portal\/attachments\/article\/1019\/basesinformador.pdf\" target=\"_blank\">2 llocs de treball d&#8217;informadors\/es<\/a> de l&#8217;\u00e0rea de Benestar del Consell Comarcal que treballaran en equip amb els professionals i entitats.<\/li>\n<li><a href=\"http:\/\/www.altemporda.org\/portal\/attachments\/article\/1019\/basepeovaris.pdf\" target=\"_blank\">1 lloc de treball de pe\u00f3 d&#8217;oficis varis (&#8220;manetes&#8221;)<\/a> en la brigada d&#8217;emerg\u00e8ncia que interv\u00e9 en el manteniment i adequaci\u00f3 d&#8217;habitatges de fam\u00edlies directament afectades per la crisi i en situaci\u00f3 vulnerable.<\/li>\n<li><a href=\"http:\/\/www.altemporda.org\/portal\/attachments\/article\/1019\/basepeoagrico.pdf\" target=\"_blank\">1 lloc de treball de pe\u00f3 agr\u00edcola\/dinamitzador<\/a> per iniciar un programa de treball comunitari que permeti la producci\u00f3 hort\u00edcola i l&#8217;autoconsum per a fam\u00edlies en situaci\u00f3 vulnerable i, al mateix temps, fomenti l&#8217;emprenedoria i el cooperativisme, al municipi de Vilaju\u00efga.<\/li>\n<\/ul>\n<p>El termini de presentaci\u00f3 de candidatures estar\u00e0 obert entre els dies 9 i 16 de mar\u00e7. Les inst\u00e0ncies de sol\u00b7licitud s&#8217;han de presentar al registre del Consell Comarcal. Podeu consultar les bases espec\u00edfiques dels llocs de treball i descarregar-vos el model d&#8217;inst\u00e0ncia de sol\u00b7licitud en aquest <a href=\"http:\/\/www.altemporda.org\/portal\/recursoshumans1\/convocatoria-borsa-de-treball\" target=\"_blank\">enlla\u00e7<\/a>.<\/p>\n<p>&nbsp;<\/p>\n","protected":false},"excerpt":{"rendered":"<p>El Consell Comarcal de l&#8217;Alt Empord\u00e0 convoca un proc\u00e9s de selecci\u00f3 per a la contractaci\u00f3 laboral temporal de diferents perfils professionals <\/p>\n","protected":false},"author":2,"featured_media":3936,"comment_status":"closed","ping_status":"closed","sticky":false,"template":"","format":"standard","meta":{"footnotes":""},"categories":[106,100,101,105,104,1,108,12,102],"tags":[],"class_list":["post-5146","post","type-post","status-publish","format-standard","has-post-thumbnail","hentry","category-administracions","category-area-benestar","category-ciutadania","category-empreses","category-entitats-socials","category-general","category-mitjans-comunicacio","category-pla-dinclusio-2","category-professionals-ambit-social","category-106","category-100","category-101","category-105","category-104","category-1","category-108","category-12","category-102","description-off"],"_links":{"self":[{"href":"https:\/\/inclusioaltemporda.cat\/portal\/wp-json\/wp\/v2\/posts\/5146","targetHints":{"allow":["GET"]}}],"collection":[{"href":"https:\/\/inclusioaltemporda.cat\/portal\/wp-json\/wp\/v2\/posts"}],"about":[{"href":"https:\/\/inclusioaltemporda.cat\/portal\/wp-json\/wp\/v2\/types\/post"}],"author":[{"embeddable":true,"href":"https:\/\/inclusioaltemporda.cat\/portal\/wp-json\/wp\/v2\/users\/2"}],"replies":[{"embeddable":true,"href":"https:\/\/inclusioaltemporda.cat\/portal\/wp-json\/wp\/v2\/comments?post=5146"}],"version-history":[{"count":10,"href":"https:\/\/inclusioaltemporda.cat\/portal\/wp-json\/wp\/v2\/posts\/5146\/revisions"}],"predecessor-version":[{"id":5156,"href":"https:\/\/inclusioaltemporda.cat\/portal\/wp-json\/wp\/v2\/posts\/5146\/revisions\/5156"}],"wp:featuredmedia":[{"embeddable":true,"href":"https:\/\/inclusioaltemporda.cat\/portal\/wp-json\/wp\/v2\/media\/3936"}],"wp:attachment":[{"href":"https:\/\/inclusioaltemporda.cat\/portal\/wp-json\/wp\/v2\/media?parent=5146"}],"wp:term":[{"taxonomy":"category","embeddable":true,"href":"https:\/\/inclusioaltemporda.cat\/portal\/wp-json\/wp\/v2\/categories?post=5146"},{"taxonomy":"post_tag","embeddable":true,"href":"https:\/\/inclusioaltemporda.cat\/portal\/wp-json\/wp\/v2\/tags?post=5146"}],"curies":[{"name":"wp","href":"https:\/\/api.w.org\/{rel}","templated":true}]}}