{"id":5169,"date":"2015-03-10T09:03:15","date_gmt":"2015-03-10T08:03:15","guid":{"rendered":"https:\/\/inclusioaltemporda.cat\/portal\/?p=5169"},"modified":"2016-02-01T09:25:37","modified_gmt":"2016-02-01T08:25:37","slug":"convocatoria-2015-del-concurs-de-projectes-dinclusio-alt-emporda","status":"publish","type":"post","link":"https:\/\/inclusioaltemporda.cat\/portal\/convocatoria-2015-del-concurs-de-projectes-dinclusio-alt-emporda\/","title":{"rendered":"Convocat\u00f2ria 2015 del Concurs de Projectes d&#8217;Inclusi\u00f3 Alt Empord\u00e0"},"content":{"rendered":"<p>El Consell Comarcal de l&#8217;Alt Empord\u00e0 ha obert la <a href=\"https:\/\/inclusioaltemporda.cat\/portal\/concurs-projectes-inclusio\/\">convocat\u00f2ria 2015 del Concurs de Projectes d&#8217;Inclusi\u00f3 Social a l&#8217;Alt Empord\u00e0<\/a> amb l&#8217;objectiu de fer emergir iniciatives innovadores en l&#8217;\u00e0mbit de la inclusi\u00f3 i la cohesi\u00f3 social i finan\u00e7ar projectes en el territori. Aquesta iniciativa, que s&#8217;emmarca en el Pla d&#8217;Inclusi\u00f3 i Cohesi\u00f3 Social de l&#8217;Alt Empord\u00e0, t\u00e9 com a finalitat millorar les condicions de vida de la poblaci\u00f3 de la comarca i refor\u00e7ar la cohesi\u00f3 social.<\/p>\n<p>Podran participar en el Concurs persones f\u00edsiques, entitats sense \u00e0nim de lucre, associacions, petites i mitjanes empreses i equips o centres de recerca d&#8217;universitats, que presentin projectes d&#8217;inclusi\u00f3 social a desenvolupar a la comarca de l&#8217;Alt Empord\u00e0 en municipis de fins a 20.000 habitants.<\/p>\n<p>L&#8217;objecte del Concurs \u00e9s atorgar ajut financer a projectes d&#8217;inclusi\u00f3 social a desenvolupar en els municipis petits i mitjans de la comarca durant l&#8217;any 2015. Es valoraran especialment aquells projectes amb perspectiva de g\u00e8nere orientats a promoure la inclusi\u00f3 social d&#8217;infants, adolescents, joves i les seves fam\u00edlies, i gent gran.<\/p>\n<p>Els \u00e0mbits d&#8217;aplicaci\u00f3 preferent en qu\u00e8 es podran definir els projectes d&#8217;inclusi\u00f3 social seran el formatiu i laboral, el residencial-habitatge, el relacional (xarxes de suport i treball amb la comunitat), i el de la ciutadania\/poblaci\u00f3 origen immigrant. El Concurs de Projectes d&#8217;Inclusi\u00f3 Alt Empord\u00e0 ofereix als projectes premiats implementar la proposta de treball entre agost de 2015 i juliol de 2016 en un o m\u00e9s municipis de la comarca.<\/p>\n<p>El termini de presentaci\u00f3 de candidatures finalitzar\u00e0 el dia 30 d&#8217;abril. Les sol\u00b7licituds s&#8217;han de presentar seguint els requisits de la convocat\u00f2ria i els models normalitzats que trobareu en <a title=\"II Concurs de projectes per a la Inclusi\u00f3 Social a l\u2019Alt Empord\u00e0\" href=\"https:\/\/inclusioaltemporda.cat\/portal\/concurs-projectes-inclusio\/\">aquesta p\u00e0gina<\/a>.<\/p>\n","protected":false},"excerpt":{"rendered":"<p>La convocat\u00f2ria t\u00e9 l&#8217;objectiu de fer emergir iniciatives innovadores en l&#8217;\u00e0mbit de la inclusi\u00f3 i la cohesi\u00f3 social i finan\u00e7ar projectes en el territori<\/p>\n","protected":false},"author":2,"featured_media":2927,"comment_status":"closed","ping_status":"closed","sticky":false,"template":"","format":"standard","meta":{"footnotes":""},"categories":[106,100,107,101,105,104,103,1,108,12,102,11],"tags":[],"class_list":["post-5169","post","type-post","status-publish","format-standard","has-post-thumbnail","hentry","category-administracions","category-area-benestar","category-centres-recerca-universitats","category-ciutadania","category-empreses","category-entitats-socials","category-estudiants-escoles-instituts","category-general","category-mitjans-comunicacio","category-pla-dinclusio-2","category-professionals-ambit-social","category-taula-inclusio","category-106","category-100","category-107","category-101","category-105","category-104","category-103","category-1","category-108","category-12","category-102","category-11","description-off"],"_links":{"self":[{"href":"https:\/\/inclusioaltemporda.cat\/portal\/wp-json\/wp\/v2\/posts\/5169","targetHints":{"allow":["GET"]}}],"collection":[{"href":"https:\/\/inclusioaltemporda.cat\/portal\/wp-json\/wp\/v2\/posts"}],"about":[{"href":"https:\/\/inclusioaltemporda.cat\/portal\/wp-json\/wp\/v2\/types\/post"}],"author":[{"embeddable":true,"href":"https:\/\/inclusioaltemporda.cat\/portal\/wp-json\/wp\/v2\/users\/2"}],"replies":[{"embeddable":true,"href":"https:\/\/inclusioaltemporda.cat\/portal\/wp-json\/wp\/v2\/comments?post=5169"}],"version-history":[{"count":2,"href":"https:\/\/inclusioaltemporda.cat\/portal\/wp-json\/wp\/v2\/posts\/5169\/revisions"}],"predecessor-version":[{"id":5171,"href":"https:\/\/inclusioaltemporda.cat\/portal\/wp-json\/wp\/v2\/posts\/5169\/revisions\/5171"}],"wp:featuredmedia":[{"embeddable":true,"href":"https:\/\/inclusioaltemporda.cat\/portal\/wp-json\/wp\/v2\/media\/2927"}],"wp:attachment":[{"href":"https:\/\/inclusioaltemporda.cat\/portal\/wp-json\/wp\/v2\/media?parent=5169"}],"wp:term":[{"taxonomy":"category","embeddable":true,"href":"https:\/\/inclusioaltemporda.cat\/portal\/wp-json\/wp\/v2\/categories?post=5169"},{"taxonomy":"post_tag","embeddable":true,"href":"https:\/\/inclusioaltemporda.cat\/portal\/wp-json\/wp\/v2\/tags?post=5169"}],"curies":[{"name":"wp","href":"https:\/\/api.w.org\/{rel}","templated":true}]}}