{"id":5175,"date":"2015-03-13T09:21:56","date_gmt":"2015-03-13T08:21:56","guid":{"rendered":"https:\/\/inclusioaltemporda.cat\/portal\/?p=5175"},"modified":"2016-02-01T09:25:36","modified_gmt":"2016-02-01T08:25:36","slug":"conferencia-i-debat-laccio-socioeducativa-en-lentorn-2-0","status":"publish","type":"post","link":"https:\/\/inclusioaltemporda.cat\/portal\/conferencia-i-debat-laccio-socioeducativa-en-lentorn-2-0\/","title":{"rendered":"Confer\u00e8ncia i debat &#8220;L&#8217;acci\u00f3 socioeducativa en l&#8217;entorn 2.0&#8221;"},"content":{"rendered":"<p>L&#8217;\u00c0rea de Benestar social del Consell Comarcal de l&#8217;Alt Empord\u00e0 organitza el proper dia 25 de mar\u00e7 la <a href=\"https:\/\/inclusioaltemporda.cat\/portal\/wp-content\/uploads\/Confer\u00e8ncia-Lacci\u00f3-socioeducativa-en-lentorn-2.0.jpg\" target=\"_blank\">confer\u00e8ncia-debat &#8220;L&#8217;acci\u00f3 socioeducativa 2.0&#8221;<\/a> a c\u00e0rrec <a href=\"http:\/\/jordibernabeu.cat\/\" target=\"_blank\">Jordi Bernabeu<\/a>, psic\u00f2leg i educador a <a href=\"https:\/\/twitter.com\/SobreDrogues\" target=\"_blank\">@sobredrogues<\/a> i <a href=\"https:\/\/twitter.com\/SobrePantalles\" target=\"_blank\">@sobrepantalles<\/a> a l&#8217;Ajuntament de Granollers.<\/p>\n<p>Jordi Bernabeu, que est\u00e0 especialitzat en l&#8217;atenci\u00f3 d&#8217;adolescents i joves, en prevenci\u00f3 en el consum de drogues i usos 2.0, tamb\u00e9 \u00e9s professor associat del Grau d&#8217;Educaci\u00f3 Social a la Universitat de Vic. La confer\u00e8ncia-debat t\u00e9 per objectiu aportar noves mirades sobre la intervenci\u00f3 social a partir de l&#8217;us de les noves tecnologies i l&#8217;entorn 2.0.<\/p>\n<p>Si voleu assistir a la confer\u00e8ncia heu de reservar pla\u00e7a a trav\u00e9s del correu electr\u00f2nic ssocials@altemporda.cat o b\u00e9 del tel\u00e8fon 972.67.70.50.<\/p>\n<p>&nbsp;<\/p>\n<div id=\"wp-content-media-buttons\" class=\"wp-media-buttons\"><a href=\"https:\/\/inclusioaltemporda.cat\/portal\/wp-content\/uploads\/Confer\u00e8ncia-Lacci\u00f3-socioeducativa-en-lentorn-2.0.jpg\"><img loading=\"lazy\" decoding=\"async\" class=\"alignleft size-medium wp-image-5176\" src=\"https:\/\/inclusioaltemporda.cat\/portal\/wp-content\/uploads\/Confer\u00e8ncia-Lacci\u00f3-socioeducativa-en-lentorn-2.0-300x144.jpg\" alt=\"Confer\u00e8ncia - L'acci\u00f3 socioeducativa en l'entorn 2.0\" width=\"300\" height=\"144\" srcset=\"https:\/\/inclusioaltemporda.cat\/portal\/wp-content\/uploads\/Confer\u00e8ncia-Lacci\u00f3-socioeducativa-en-lentorn-2.0-300x144.jpg 300w, https:\/\/inclusioaltemporda.cat\/portal\/wp-content\/uploads\/Confer\u00e8ncia-Lacci\u00f3-socioeducativa-en-lentorn-2.0-1024x490.jpg 1024w, https:\/\/inclusioaltemporda.cat\/portal\/wp-content\/uploads\/Confer\u00e8ncia-Lacci\u00f3-socioeducativa-en-lentorn-2.0.jpg 1651w\" sizes=\"auto, (max-width: 300px) 100vw, 300px\" \/><\/a><a id=\"insert-media-button\" class=\"button insert-media add_media\" title=\"Afegeix un m\u00e8dia\" href=\"https:\/\/inclusioaltemporda.cat\/portal\/wp-admin\/post-new.php#\" data-editor=\"content\"><\/a><\/div>\n","protected":false},"excerpt":{"rendered":"<p>El psic\u00f2leg i educador Jordi Bernabeu impartir\u00e0 aquesta formaci\u00f3 oberta a tots els p\u00fablics en el marc de la Jornada de treball de l&#8217;\u00c0rea de Benestar del Consell Comarcal<\/p>\n","protected":false},"author":2,"featured_media":2578,"comment_status":"closed","ping_status":"closed","sticky":false,"template":"","format":"standard","meta":{"footnotes":""},"categories":[106,33,100,101,104,103,1,108,102,11],"tags":[],"class_list":["post-5175","post","type-post","status-publish","format-standard","has-post-thumbnail","hentry","category-administracions","category-agenda","category-area-benestar","category-ciutadania","category-entitats-socials","category-estudiants-escoles-instituts","category-general","category-mitjans-comunicacio","category-professionals-ambit-social","category-taula-inclusio","category-106","category-33","category-100","category-101","category-104","category-103","category-1","category-108","category-102","category-11","description-off"],"_links":{"self":[{"href":"https:\/\/inclusioaltemporda.cat\/portal\/wp-json\/wp\/v2\/posts\/5175","targetHints":{"allow":["GET"]}}],"collection":[{"href":"https:\/\/inclusioaltemporda.cat\/portal\/wp-json\/wp\/v2\/posts"}],"about":[{"href":"https:\/\/inclusioaltemporda.cat\/portal\/wp-json\/wp\/v2\/types\/post"}],"author":[{"embeddable":true,"href":"https:\/\/inclusioaltemporda.cat\/portal\/wp-json\/wp\/v2\/users\/2"}],"replies":[{"embeddable":true,"href":"https:\/\/inclusioaltemporda.cat\/portal\/wp-json\/wp\/v2\/comments?post=5175"}],"version-history":[{"count":5,"href":"https:\/\/inclusioaltemporda.cat\/portal\/wp-json\/wp\/v2\/posts\/5175\/revisions"}],"predecessor-version":[{"id":5185,"href":"https:\/\/inclusioaltemporda.cat\/portal\/wp-json\/wp\/v2\/posts\/5175\/revisions\/5185"}],"wp:featuredmedia":[{"embeddable":true,"href":"https:\/\/inclusioaltemporda.cat\/portal\/wp-json\/wp\/v2\/media\/2578"}],"wp:attachment":[{"href":"https:\/\/inclusioaltemporda.cat\/portal\/wp-json\/wp\/v2\/media?parent=5175"}],"wp:term":[{"taxonomy":"category","embeddable":true,"href":"https:\/\/inclusioaltemporda.cat\/portal\/wp-json\/wp\/v2\/categories?post=5175"},{"taxonomy":"post_tag","embeddable":true,"href":"https:\/\/inclusioaltemporda.cat\/portal\/wp-json\/wp\/v2\/tags?post=5175"}],"curies":[{"name":"wp","href":"https:\/\/api.w.org\/{rel}","templated":true}]}}