{"id":5187,"date":"2015-03-16T14:37:58","date_gmt":"2015-03-16T13:37:58","guid":{"rendered":"https:\/\/inclusioaltemporda.cat\/portal\/?p=5187"},"modified":"2016-02-01T09:25:34","modified_gmt":"2016-02-01T08:25:34","slug":"comenca-la-quarta-edicio-de-lespai-de-formacio-per-a-families","status":"publish","type":"post","link":"https:\/\/inclusioaltemporda.cat\/portal\/comenca-la-quarta-edicio-de-lespai-de-formacio-per-a-families\/","title":{"rendered":"Comen\u00e7a la quarta edici\u00f3 de l&#8217;Espai de Formaci\u00f3 per a Fam\u00edlies"},"content":{"rendered":"<p>Divendres passat es va iniciar la quarta edici\u00f3 de l&#8217;Espai de Formaci\u00f3 per a Fam\u00edlies que promou l&#8217;\u00e0rea de Benestar del Consell Comarcal.<\/p>\n<p>Aquest espai, adre\u00e7at a pares i mares amb fills i filles d\u2019entre 6 i 16 anys de la comarca, treballar\u00e0 en aquesta edici\u00f3 amb 12 persones que pertanyen a 11 fam\u00edlies\u00a0 de la comarca.<\/p>\n<p>Aquesta quarta edici\u00f3 es posa en marxa amb fam\u00edlies derivades per l\u2019Equip d\u2019Atenci\u00f3 a la Inf\u00e0ncia i a l\u2019Adolesc\u00e8ncia i pels Serveis B\u00e0sics d\u2019Atenci\u00f3 Prim\u00e0ria de la comarca.<\/p>\n<p>L\u2019Espai de Formaci\u00f3 per a Fam\u00edlies \u00e9s un programa socioeducatiu de capacitaci\u00f3 parental que consta de 12 sessions de treball, de periodicitat setmanal i dues hores de durada.<\/p>\n<p>En el decurs de les sessions s\u2019abordaran diverses tem\u00e0tiques amb les persones participants: el paper educatiu de la fam\u00edlia, les necessitats f\u00edsiques i emocionals dels infants, la comunicaci\u00f3 i les emocions, les normes i els l\u00edmits aix\u00ed com la resoluci\u00f3 de conflictes, les relacions fam\u00edlia-escola i el lleure i el joc, entre d\u2019altres.<\/p>\n<p>Com en d\u2019altres edicions, les sessions de l\u2019EFF es portaran a terme a l\u2019Espai de Catalunya Caixa fins el proper 12 de juny.<\/p>\n","protected":false},"excerpt":{"rendered":"<p>Divendres passat es va iniciar la quarta edici\u00f3 de l&#8217;Espai de Formaci\u00f3 per a Fam\u00edlies que promou l&#8217;\u00e0rea de Benestar del Consell Comarcal.<\/p>\n","protected":false},"author":3,"featured_media":2712,"comment_status":"closed","ping_status":"closed","sticky":false,"template":"","format":"standard","meta":{"footnotes":""},"categories":[106,100,107,101,104,103,1,108,12,102],"tags":[],"class_list":["post-5187","post","type-post","status-publish","format-standard","has-post-thumbnail","hentry","category-administracions","category-area-benestar","category-centres-recerca-universitats","category-ciutadania","category-entitats-socials","category-estudiants-escoles-instituts","category-general","category-mitjans-comunicacio","category-pla-dinclusio-2","category-professionals-ambit-social","category-106","category-100","category-107","category-101","category-104","category-103","category-1","category-108","category-12","category-102","description-off"],"_links":{"self":[{"href":"https:\/\/inclusioaltemporda.cat\/portal\/wp-json\/wp\/v2\/posts\/5187","targetHints":{"allow":["GET"]}}],"collection":[{"href":"https:\/\/inclusioaltemporda.cat\/portal\/wp-json\/wp\/v2\/posts"}],"about":[{"href":"https:\/\/inclusioaltemporda.cat\/portal\/wp-json\/wp\/v2\/types\/post"}],"author":[{"embeddable":true,"href":"https:\/\/inclusioaltemporda.cat\/portal\/wp-json\/wp\/v2\/users\/3"}],"replies":[{"embeddable":true,"href":"https:\/\/inclusioaltemporda.cat\/portal\/wp-json\/wp\/v2\/comments?post=5187"}],"version-history":[{"count":3,"href":"https:\/\/inclusioaltemporda.cat\/portal\/wp-json\/wp\/v2\/posts\/5187\/revisions"}],"predecessor-version":[{"id":5190,"href":"https:\/\/inclusioaltemporda.cat\/portal\/wp-json\/wp\/v2\/posts\/5187\/revisions\/5190"}],"wp:featuredmedia":[{"embeddable":true,"href":"https:\/\/inclusioaltemporda.cat\/portal\/wp-json\/wp\/v2\/media\/2712"}],"wp:attachment":[{"href":"https:\/\/inclusioaltemporda.cat\/portal\/wp-json\/wp\/v2\/media?parent=5187"}],"wp:term":[{"taxonomy":"category","embeddable":true,"href":"https:\/\/inclusioaltemporda.cat\/portal\/wp-json\/wp\/v2\/categories?post=5187"},{"taxonomy":"post_tag","embeddable":true,"href":"https:\/\/inclusioaltemporda.cat\/portal\/wp-json\/wp\/v2\/tags?post=5187"}],"curies":[{"name":"wp","href":"https:\/\/api.w.org\/{rel}","templated":true}]}}