{"id":5192,"date":"2015-03-17T09:06:49","date_gmt":"2015-03-17T08:06:49","guid":{"rendered":"https:\/\/inclusioaltemporda.cat\/portal\/?p=5192"},"modified":"2016-02-01T09:25:33","modified_gmt":"2016-02-01T08:25:33","slug":"opinio-professional-deteccio-precoc-de-casos-de-transtorn-mental-incipient-des-dels-serveis-socials-basics","status":"publish","type":"post","link":"https:\/\/inclusioaltemporda.cat\/portal\/opinio-professional-deteccio-precoc-de-casos-de-transtorn-mental-incipient-des-dels-serveis-socials-basics\/","title":{"rendered":"Opini\u00f3 professional: Detecci\u00f3 preco\u00e7  de casos de transtorn mental incipient des dels serveis socials b\u00e0sics"},"content":{"rendered":"<p>En aquesta ocasi\u00f3 dues professionals de l&#8217;\u00e0rea de Benestar comparteixen amb vosaltres un article sobre la detecci\u00f3 preco\u00e7 de casos de transtorn mental incipient des dels serveis socials b\u00e0sics, que ha estat elaborat a partir de la formaci\u00f3 rebuda en el curs que sobre aquesta tem\u00e0tica va organitzar a Fundaci\u00f3 Campus Arnau d&#8217;Escala i el gabinet t\u00e8cnic del Departament de Benestar Social i Fam\u00edlia de la Generalitat de Catalunya fa uns mesos a Girona.<\/p>\n<p>Neus Juanola, educadora social i Sabina Moreno, treballadora social de l&#8217;\u00e0rea de Benestar del Consell Comarcal, comparteixen els continguts b\u00e0sics d&#8217;aquesta formaci\u00f3 i les reflexions que aquesta els ha suscitat a l&#8217;entorn de les intervencions socials en casos de transtorn mental incipient.<\/p>\n<p>Podeu <a href=\"https:\/\/inclusioaltemporda.cat\/portal\/wp-content\/uploads\/Detecci\u00f3-preco\u00e7-casos-transtorn-mental-des-de-serveis-socials.pdf\">accedir a aquest article mitjan\u00e7ant aquest enlla\u00e7<\/a> i us convidem, de nou, a seguir i compartir les <a href=\"https:\/\/inclusioaltemporda.cat\/portal\/professionals\/\">opinions professionals que publiquem peri\u00f2dicament en aquesta web en un enlla\u00e7 propi<\/a>.<\/p>\n","protected":false},"excerpt":{"rendered":"<p>En aquesta ocasi\u00f3 dues professionals de l&#8217;\u00e0rea de Benestar comparteixen amb vosaltres un article sobre la detecci\u00f3 preco\u00e7 de casos de transtorn mental incipient des dels serveis socials b\u00e0sics.<\/p>\n","protected":false},"author":3,"featured_media":5194,"comment_status":"closed","ping_status":"closed","sticky":false,"template":"","format":"standard","meta":{"footnotes":""},"categories":[106,100,107,103,1,102],"tags":[],"class_list":["post-5192","post","type-post","status-publish","format-standard","has-post-thumbnail","hentry","category-administracions","category-area-benestar","category-centres-recerca-universitats","category-estudiants-escoles-instituts","category-general","category-professionals-ambit-social","category-106","category-100","category-107","category-103","category-1","category-102","description-off"],"_links":{"self":[{"href":"https:\/\/inclusioaltemporda.cat\/portal\/wp-json\/wp\/v2\/posts\/5192","targetHints":{"allow":["GET"]}}],"collection":[{"href":"https:\/\/inclusioaltemporda.cat\/portal\/wp-json\/wp\/v2\/posts"}],"about":[{"href":"https:\/\/inclusioaltemporda.cat\/portal\/wp-json\/wp\/v2\/types\/post"}],"author":[{"embeddable":true,"href":"https:\/\/inclusioaltemporda.cat\/portal\/wp-json\/wp\/v2\/users\/3"}],"replies":[{"embeddable":true,"href":"https:\/\/inclusioaltemporda.cat\/portal\/wp-json\/wp\/v2\/comments?post=5192"}],"version-history":[{"count":2,"href":"https:\/\/inclusioaltemporda.cat\/portal\/wp-json\/wp\/v2\/posts\/5192\/revisions"}],"predecessor-version":[{"id":5200,"href":"https:\/\/inclusioaltemporda.cat\/portal\/wp-json\/wp\/v2\/posts\/5192\/revisions\/5200"}],"wp:featuredmedia":[{"embeddable":true,"href":"https:\/\/inclusioaltemporda.cat\/portal\/wp-json\/wp\/v2\/media\/5194"}],"wp:attachment":[{"href":"https:\/\/inclusioaltemporda.cat\/portal\/wp-json\/wp\/v2\/media?parent=5192"}],"wp:term":[{"taxonomy":"category","embeddable":true,"href":"https:\/\/inclusioaltemporda.cat\/portal\/wp-json\/wp\/v2\/categories?post=5192"},{"taxonomy":"post_tag","embeddable":true,"href":"https:\/\/inclusioaltemporda.cat\/portal\/wp-json\/wp\/v2\/tags?post=5192"}],"curies":[{"name":"wp","href":"https:\/\/api.w.org\/{rel}","templated":true}]}}