{"id":5203,"date":"2015-04-14T05:00:43","date_gmt":"2015-04-14T04:00:43","guid":{"rendered":"https:\/\/inclusioaltemporda.cat\/portal\/?p=5203"},"modified":"2016-02-01T09:25:28","modified_gmt":"2016-02-01T08:25:28","slug":"premis-inclusio-alt-emporda-2015","status":"publish","type":"post","link":"https:\/\/inclusioaltemporda.cat\/portal\/premis-inclusio-alt-emporda-2015\/","title":{"rendered":"Premis Inclusi\u00f3 Alt Empord\u00e0 2015"},"content":{"rendered":"<p>El Consell Comarcal de l\u2019Alt Empord\u00e0 ha obert la <a href=\"https:\/\/inclusioaltemporda.cat\/portal\/wp-content\/uploads\/CONCURS-DE-PROJECTES-INCLUSI\u00d3-SOCIAL-2015.jpg\">convocat\u00f2ria 2015 del Concurs de Projectes d\u2019Inclusi\u00f3 Social a l\u2019Alt Empord\u00e0<\/a> amb l\u2019objectiu de fer emergir iniciatives innovadores en l\u2019\u00e0mbit de la inclusi\u00f3 i la cohesi\u00f3 social i finan\u00e7ar projectes en el territori. Aquesta iniciativa, que s\u2019emmarca en el Pla d\u2019Inclusi\u00f3 i Cohesi\u00f3 Social de l\u2019Alt Empord\u00e0, t\u00e9 com a finalitat millorar les condicions de vida de la poblaci\u00f3 de la comarca i refor\u00e7ar la cohesi\u00f3 social.<\/p>\n<p>L\u2019objecte del Concurs \u00e9s atorgar ajut financer a projectes d\u2019inclusi\u00f3 social a desenvolupar en els municipis petits i mitjans de la comarca durant l\u2019any 2015. Es valoraran especialment aquells projectes amb perspectiva de g\u00e8nere orientats a promoure la inclusi\u00f3 social d\u2019infants, adolescents, joves i les seves fam\u00edlies, i gent gran.<\/p>\n<p>El termini de presentaci\u00f3 de candidatures finalitzar\u00e0 el dia 30 d\u2019abril. Les sol\u00b7licituds s\u2019han de presentar seguint els requisits de la convocat\u00f2ria i els models normalitzats que trobareu en <a title=\"II Concurs de projectes per a la Inclusi\u00f3 Social a l\u2019Alt Empord\u00e0\" href=\"https:\/\/inclusioaltemporda.cat\/portal\/concurs-projectes-inclusio\/\">aquesta p\u00e0gina<\/a>.<\/p>\n<p>Aquesta ser\u00e0 la tercera edici\u00f3 del Concurs de projectes d&#8217;Inclusi\u00f3 a l&#8217;Alt Empord\u00e0. A finals de l&#8217;any passat va finalitzar el per\u00edode d&#8217;implementaci\u00f3 dels <a href=\"https:\/\/inclusioaltemporda.cat\/portal\/?p=4842\">projectes guardonats en la primera edici\u00f3<\/a>, &#8220;La Cuina, cooperativisme a foc lent\u201d dut a terme al municipi de Sant Pere Pescador, i &#8220;El Tamariu, projecte laboral de reciclatge de paper&#8221; a Castell\u00f3 d&#8217;Emp\u00faries. A continuaci\u00f3 podeu veure els v\u00eddeos de valoraci\u00f3 sobre els dos projectes.<\/p>\n<p>&nbsp;<\/p>\n<p><strong>La Cuina, cooperativisme a foc lent<\/strong><br \/>\n<iframe loading=\"lazy\" src=\"https:\/\/www.youtube.com\/embed\/qNldFujkJvo\" width=\"560\" height=\"315\" frameborder=\"0\" allowfullscreen=\"allowfullscreen\"><\/iframe><\/p>\n<p>&nbsp;<\/p>\n<p><strong>El Tamariu, projecte laboral de reciclatge de paper<\/strong><br \/>\n<iframe loading=\"lazy\" src=\"https:\/\/www.youtube.com\/embed\/nwMomGkJQWU\" width=\"560\" height=\"315\" frameborder=\"0\" allowfullscreen=\"allowfullscreen\"><\/iframe><\/p>\n","protected":false},"excerpt":{"rendered":"<p>El Consell Comarcal de l\u2019Alt Empord\u00e0 ha obert la convocat\u00f2ria 2015 del Concurs de Projectes d\u2019Inclusi\u00f3 Social a l\u2019Alt Empord\u00e0 amb l\u2019objectiu de fer emergir iniciatives innovadores en l\u2019\u00e0mbit de la inclusi\u00f3 i la cohesi\u00f3 social i finan\u00e7ar projectes en el territori<\/p>\n","protected":false},"author":2,"featured_media":2927,"comment_status":"closed","ping_status":"closed","sticky":false,"template":"","format":"standard","meta":{"footnotes":""},"categories":[106,100,107,101,105,104,103,1,108,12,102,11],"tags":[],"class_list":["post-5203","post","type-post","status-publish","format-standard","has-post-thumbnail","hentry","category-administracions","category-area-benestar","category-centres-recerca-universitats","category-ciutadania","category-empreses","category-entitats-socials","category-estudiants-escoles-instituts","category-general","category-mitjans-comunicacio","category-pla-dinclusio-2","category-professionals-ambit-social","category-taula-inclusio","category-106","category-100","category-107","category-101","category-105","category-104","category-103","category-1","category-108","category-12","category-102","category-11","description-off"],"_links":{"self":[{"href":"https:\/\/inclusioaltemporda.cat\/portal\/wp-json\/wp\/v2\/posts\/5203","targetHints":{"allow":["GET"]}}],"collection":[{"href":"https:\/\/inclusioaltemporda.cat\/portal\/wp-json\/wp\/v2\/posts"}],"about":[{"href":"https:\/\/inclusioaltemporda.cat\/portal\/wp-json\/wp\/v2\/types\/post"}],"author":[{"embeddable":true,"href":"https:\/\/inclusioaltemporda.cat\/portal\/wp-json\/wp\/v2\/users\/2"}],"replies":[{"embeddable":true,"href":"https:\/\/inclusioaltemporda.cat\/portal\/wp-json\/wp\/v2\/comments?post=5203"}],"version-history":[{"count":9,"href":"https:\/\/inclusioaltemporda.cat\/portal\/wp-json\/wp\/v2\/posts\/5203\/revisions"}],"predecessor-version":[{"id":5291,"href":"https:\/\/inclusioaltemporda.cat\/portal\/wp-json\/wp\/v2\/posts\/5203\/revisions\/5291"}],"wp:featuredmedia":[{"embeddable":true,"href":"https:\/\/inclusioaltemporda.cat\/portal\/wp-json\/wp\/v2\/media\/2927"}],"wp:attachment":[{"href":"https:\/\/inclusioaltemporda.cat\/portal\/wp-json\/wp\/v2\/media?parent=5203"}],"wp:term":[{"taxonomy":"category","embeddable":true,"href":"https:\/\/inclusioaltemporda.cat\/portal\/wp-json\/wp\/v2\/categories?post=5203"},{"taxonomy":"post_tag","embeddable":true,"href":"https:\/\/inclusioaltemporda.cat\/portal\/wp-json\/wp\/v2\/tags?post=5203"}],"curies":[{"name":"wp","href":"https:\/\/api.w.org\/{rel}","templated":true}]}}