{"id":5223,"date":"2015-03-23T14:33:09","date_gmt":"2015-03-23T13:33:09","guid":{"rendered":"https:\/\/inclusioaltemporda.cat\/portal\/?p=5223"},"modified":"2016-02-01T09:25:33","modified_gmt":"2016-02-01T08:25:33","slug":"jornada-eines-per-a-la-gestio-dequips-i-voluntaris","status":"publish","type":"post","link":"https:\/\/inclusioaltemporda.cat\/portal\/jornada-eines-per-a-la-gestio-dequips-i-voluntaris\/","title":{"rendered":"Jornada &#8220;Eines per a la gesti\u00f3 d&#8217;equips i voluntaris&#8221;"},"content":{"rendered":"<p>El proper dissabte 11 d&#8217;abril\u00a0 tindr\u00e0 lloc a Figueres la <a href=\"https:\/\/inclusioaltemporda.cat\/portal\/wp-content\/uploads\/D\u00edptic-Jornada-Formaci\u00f3-voluntariat-2015.pdf\" target=\"_blank\">Jornada Eines per a la gesti\u00f3 d&#8217;equips i voluntariat<\/a> organitzada per la <a href=\"http:\/\/www.entitatsaltemporda.cat\/\" target=\"_blank\">Taula d&#8217;Entitats d&#8217;Inclusi\u00f3 Social<\/a>, la <a href=\"http:\/\/www.clerchinicolau.com\/\" target=\"_blank\">Fundaci\u00f3 Clerch i Nicola<\/a>u, l<a href=\"http:\/\/ca.figueres.cat\/\" target=\"_blank\">&#8216;Ajuntament de Figueres<\/a> i el <a href=\"www.altemporda.cat\" target=\"_blank\">Consell Comarcal de l&#8217;Alt Empord\u00e0<\/a>.<\/p>\n<p>Aquesta jornada, que se celebrar\u00e0 al Centre C\u00edvic Joaquim Xirau, de Figueres, de 9:30h a 17:45h, t\u00e9 com a finalitat promoure la reflexi\u00f3 i el debat a l&#8217;entorn de la gesti\u00f3 d&#8217;equips i de voluntariat, i el treball de gesti\u00f3 de les emocions amb voluntaris i equips professionals de les entitats.<\/p>\n<p>La primera part de la jornada comptar\u00e0 amb les pon\u00e8ncies de l&#8217;Ernest Luz (psic\u00f2leg de la UdG) sobre &#8220;Gesti\u00f3 de voluntaris i equips&#8221;, i de Jordi Martori (coordinador de Creu Roja Girona) entorn &#8220;El proc\u00e9s de treball amb el voluntariat&#8221;. La sessi\u00f3 de mat\u00ed clour\u00e0 amb un debat moderat per la periodista Yolanda Falcon.<\/p>\n<p>La sessi\u00f3 de tarda s&#8217;obrir\u00e0 amb dos tallers simultanis orientats a aprofundir en el treball de caire m\u00e9s emocional amb voluntaris i equips t\u00e8cnics de les entitats. Els tallers paral\u00b7lels que s&#8217;oferiran seran els seg\u00fcents. En primer lloc el taller &#8220;Qu\u00e8 vol dir acompanyar l&#8217;altre?&#8221;, dinamitzat per la Isabel Clemente (treballadora social i psic\u00f2loga de C\u00e0ritas Diocesana de Girona). En segon lloc, el taller &#8220;Donar i rebre. Per qu\u00e8 soc voluntari\/a?&#8221;, dinamitzat per l&#8217;Enric Carol (educador social i terapeuta Gestal)<\/p>\n<p>La jornada la tancar\u00e0 el taller &#8220;Espai d&#8217;autocura. Com ha de ser la implicaci\u00f3 emocional?&#8221; a c\u00e0rrec de Gl\u00f2ria Pla (psic\u00f2loga del Consell Comarcal de l&#8217;Alt Empord\u00e0)<\/p>\n<p>La jornada es podr\u00e0 seguir a trav\u00e9s del compte de twitter <a href=\"https:\/\/twitter.com\/AEmpordainclou\" target=\"_blank\">@AEmpordainclou<\/a> i del <em>hashtag<\/em> <a href=\"https:\/\/twitter.com\/search?q=%23voluntariataltemporda&amp;src=typd\" target=\"_blank\">#voluntariataltemporda<\/a><\/p>\n<p>Podeu consultar el programa de la jornada en <a href=\"https:\/\/inclusioaltemporda.cat\/portal\/wp-content\/uploads\/D\u00edptic-Jornada-Formaci\u00f3-voluntariat-2015.pdf\" target=\"_blank\">aquest enlla\u00e7<\/a>.<\/p>\n<p>Les inscripcions a la jornada estaran obertes fins el proper 9 d&#8217;abril. Es poden fer presencialment, de dilluns a dijous de 09:00h a 15:00h, a la Fundaci\u00f3 Clerch i Nicolau de Figures (C\/Nou, 53), telef\u00f2nicament al n\u00famero\u00a0 972 503 952 i per correu electr\u00f2nic (<a href=\"mailto:inscripcions@clerchinicolau.com\">inscripcions@clerchinicolau.com<\/a>). Tamb\u00e9 us podeu inscriure mitjan\u00e7ant <a href=\"http:\/\/goo.gl\/forms\/JUEfAKIcv7\" target=\"_blank\">aquest formulari<\/a>. \u00c9s indispensable la inscripci\u00f3 per poder participar al dinar, que s&#8217;ofereix gratu\u00eftament a les persones assistents.<\/p>\n","protected":false},"excerpt":{"rendered":"<p>Aquesta jornada t\u00e9 com a finalitat promoure la reflexi\u00f3 i el debat a l&#8217;entorn de la gesti\u00f3 d&#8217;equips i de voluntariat, i el treball de gesti\u00f3 de les emocions amb voluntaris i equips professionals de les entitats.<\/p>\n","protected":false},"author":2,"featured_media":2048,"comment_status":"closed","ping_status":"closed","sticky":false,"template":"","format":"standard","meta":{"footnotes":""},"categories":[106,33,100,101,105,104,103,1,108,12,11],"tags":[],"class_list":["post-5223","post","type-post","status-publish","format-standard","has-post-thumbnail","hentry","category-administracions","category-agenda","category-area-benestar","category-ciutadania","category-empreses","category-entitats-socials","category-estudiants-escoles-instituts","category-general","category-mitjans-comunicacio","category-pla-dinclusio-2","category-taula-inclusio","category-106","category-33","category-100","category-101","category-105","category-104","category-103","category-1","category-108","category-12","category-11","description-off"],"_links":{"self":[{"href":"https:\/\/inclusioaltemporda.cat\/portal\/wp-json\/wp\/v2\/posts\/5223","targetHints":{"allow":["GET"]}}],"collection":[{"href":"https:\/\/inclusioaltemporda.cat\/portal\/wp-json\/wp\/v2\/posts"}],"about":[{"href":"https:\/\/inclusioaltemporda.cat\/portal\/wp-json\/wp\/v2\/types\/post"}],"author":[{"embeddable":true,"href":"https:\/\/inclusioaltemporda.cat\/portal\/wp-json\/wp\/v2\/users\/2"}],"replies":[{"embeddable":true,"href":"https:\/\/inclusioaltemporda.cat\/portal\/wp-json\/wp\/v2\/comments?post=5223"}],"version-history":[{"count":7,"href":"https:\/\/inclusioaltemporda.cat\/portal\/wp-json\/wp\/v2\/posts\/5223\/revisions"}],"predecessor-version":[{"id":5226,"href":"https:\/\/inclusioaltemporda.cat\/portal\/wp-json\/wp\/v2\/posts\/5223\/revisions\/5226"}],"wp:featuredmedia":[{"embeddable":true,"href":"https:\/\/inclusioaltemporda.cat\/portal\/wp-json\/wp\/v2\/media\/2048"}],"wp:attachment":[{"href":"https:\/\/inclusioaltemporda.cat\/portal\/wp-json\/wp\/v2\/media?parent=5223"}],"wp:term":[{"taxonomy":"category","embeddable":true,"href":"https:\/\/inclusioaltemporda.cat\/portal\/wp-json\/wp\/v2\/categories?post=5223"},{"taxonomy":"post_tag","embeddable":true,"href":"https:\/\/inclusioaltemporda.cat\/portal\/wp-json\/wp\/v2\/tags?post=5223"}],"curies":[{"name":"wp","href":"https:\/\/api.w.org\/{rel}","templated":true}]}}