{"id":5230,"date":"2015-03-26T09:44:32","date_gmt":"2015-03-26T08:44:32","guid":{"rendered":"https:\/\/inclusioaltemporda.cat\/portal\/?p=5230"},"modified":"2016-02-01T09:25:32","modified_gmt":"2016-02-01T08:25:32","slug":"jornada-anual-de-professionals-de-larea-de-benestar-2","status":"publish","type":"post","link":"https:\/\/inclusioaltemporda.cat\/portal\/jornada-anual-de-professionals-de-larea-de-benestar-2\/","title":{"rendered":"Jornada anual de professionals de l&#8217;\u00c0rea de Benestar"},"content":{"rendered":"<p>Ahir al mat\u00ed va tenir lloc la Jornada anual de professionals de l&#8217;\u00c0rea de Benestar del Consell Comarcal de l&#8217;Alt Empord\u00e0.<\/p>\n<p>Aquesta jornada de treball \u00e9s l&#8217;espai de trobada que permet als i les professionals intercanviar experi\u00e8ncies d&#8217;intervenci\u00f3 i presentar les prioritats de treball futures.<\/p>\n<p>La jornada es va iniciar amb l&#8217;obertura feta pel Conseller de l&#8217;\u00c0rea de Benestar, el Sr. Jos\u00e9 Luis Y\u00e9cora. A continuaci\u00f3 la la directora t\u00e8cnica de l&#8217;\u00e0rea de Benestar, Rosa Guix\u00e9, va fer balan\u00e7 dels projectes m\u00e9s rellevants impulsats durant l&#8217;any 2014, fent especial \u00e8mfasi en la capacitat dels professionals de l&#8217;\u00e0rea per treballar en un context social i econ\u00f2mic tan advers i complex. Finalment, membres dels diferents equips de l&#8217;\u00e0rea varen presentar les prioritats de treball per a l&#8217;any 2015<\/p>\n<p>Per primer cop la Jornada anual de l&#8217;\u00c0rea de Benestar va cloure amb una confer\u00e8ncia. Aquesta, titulada &#8220;L&#8217;acci\u00f3 socioeducativa en l&#8217;entorn 2.0&#8221;, va ser impartida per <a href=\"http:\/\/jordibernabeu.cat\/\" target=\"_blank\">Jordi Bernabeu<\/a> (<a href=\"https:\/\/twitter.com\/jordibernabeu\" target=\"_blank\">@jordibernabeu<\/a>),psic\u00f2leg i educador\u00a0a <a href=\"https:\/\/twitter.com\/SobreDrogues\" target=\"_blank\">@sobredrogues<\/a> i <a href=\"https:\/\/twitter.com\/SobrePantalles\" target=\"_blank\">@sobrepantalles<\/a> a l\u2019Ajuntament de Granollers. Podeu consultar la seva presentaci\u00f3 en aquest <a href=\"http:\/\/www.slideshare.net\/sobrepantalles\/figueres-46287050\" target=\"_blank\">enlla\u00e7<\/a> i veure la <a href=\"http:\/\/bambuser.com\/v\/5377754\" target=\"_blank\">retransmissi\u00f3 de la seva confer\u00e8ncia<\/a>.<\/p>\n<p>&nbsp;<\/p>\n<p><iframe loading=\"lazy\" src=\"http:\/\/embed.bambuser.com\/broadcast\/5377754\" width=\"460\" height=\"345\" frameborder=\"0\">Your browser does not support iframes.<\/iframe><\/p>\n","protected":false},"excerpt":{"rendered":"<p>Aquesta jornada de treball \u00e9s l&#8217;espai de trobada que permet als i les professionals intercanviar experi\u00e8ncies d&#8217;intervenci\u00f3 i presentar les prioritats de treball futures<\/p>\n","protected":false},"author":2,"featured_media":5232,"comment_status":"closed","ping_status":"closed","sticky":false,"template":"","format":"standard","meta":{"footnotes":""},"categories":[106,33,100,101,103,1,108,102],"tags":[34,27],"class_list":["post-5230","post","type-post","status-publish","format-standard","has-post-thumbnail","hentry","category-administracions","category-agenda","category-area-benestar","category-ciutadania","category-estudiants-escoles-instituts","category-general","category-mitjans-comunicacio","category-professionals-ambit-social","tag-aula-professionals","tag-benestar-ccae","category-106","category-33","category-100","category-101","category-103","category-1","category-108","category-102","description-off"],"_links":{"self":[{"href":"https:\/\/inclusioaltemporda.cat\/portal\/wp-json\/wp\/v2\/posts\/5230","targetHints":{"allow":["GET"]}}],"collection":[{"href":"https:\/\/inclusioaltemporda.cat\/portal\/wp-json\/wp\/v2\/posts"}],"about":[{"href":"https:\/\/inclusioaltemporda.cat\/portal\/wp-json\/wp\/v2\/types\/post"}],"author":[{"embeddable":true,"href":"https:\/\/inclusioaltemporda.cat\/portal\/wp-json\/wp\/v2\/users\/2"}],"replies":[{"embeddable":true,"href":"https:\/\/inclusioaltemporda.cat\/portal\/wp-json\/wp\/v2\/comments?post=5230"}],"version-history":[{"count":4,"href":"https:\/\/inclusioaltemporda.cat\/portal\/wp-json\/wp\/v2\/posts\/5230\/revisions"}],"predecessor-version":[{"id":5235,"href":"https:\/\/inclusioaltemporda.cat\/portal\/wp-json\/wp\/v2\/posts\/5230\/revisions\/5235"}],"wp:featuredmedia":[{"embeddable":true,"href":"https:\/\/inclusioaltemporda.cat\/portal\/wp-json\/wp\/v2\/media\/5232"}],"wp:attachment":[{"href":"https:\/\/inclusioaltemporda.cat\/portal\/wp-json\/wp\/v2\/media?parent=5230"}],"wp:term":[{"taxonomy":"category","embeddable":true,"href":"https:\/\/inclusioaltemporda.cat\/portal\/wp-json\/wp\/v2\/categories?post=5230"},{"taxonomy":"post_tag","embeddable":true,"href":"https:\/\/inclusioaltemporda.cat\/portal\/wp-json\/wp\/v2\/tags?post=5230"}],"curies":[{"name":"wp","href":"https:\/\/api.w.org\/{rel}","templated":true}]}}