{"id":5264,"date":"2015-04-07T14:06:56","date_gmt":"2015-04-07T13:06:56","guid":{"rendered":"https:\/\/inclusioaltemporda.cat\/portal\/?p=5264"},"modified":"2016-02-01T09:25:31","modified_gmt":"2016-02-01T08:25:31","slug":"opinio-professional-taller-tecniques-comunicacio-entre-mares-pares-i-fills-i-filles-a-linstitut-de-llanca","status":"publish","type":"post","link":"https:\/\/inclusioaltemporda.cat\/portal\/opinio-professional-taller-tecniques-comunicacio-entre-mares-pares-i-fills-i-filles-a-linstitut-de-llanca\/","title":{"rendered":"Opini\u00f3 professional: Taller T\u00e8cniques Comunicaci\u00f3 entre mares, pares i fills i filles a l&#8217;Institut de Llan\u00e7\u00e0"},"content":{"rendered":"<p>L&#8217;article que ofereix l&#8217;Espai Professional aquest mes d&#8217;abril est\u00e0 centrat en l&#8217;experi\u00e8ncia d&#8217;un taller basat en t\u00e8cniques de comunicaci\u00f3 entre progenitors i els seus fills i filles que un grup de professionals de l&#8217;\u00e0rea de Benestar van portar a terme a l&#8217;Institut de Llan\u00e7\u00e0.<\/p>\n<p>Tres professionals comparteixen el treball comunitari que van promoure a l&#8217;Institut de Llan\u00e7\u00e0 en qu\u00e8 es posa de relleu la import\u00e0ncia de treballar en espais oberts a l&#8217;expressi\u00f3 i la reflexi\u00f3 dificultats de comunicaci\u00f3 que s&#8217;identifiquen en l&#8217;\u00e0mbit familiar i que tenen a veure amb l&#8217;angoixa que viuen els pares i mares davant els canvis importants que experimenten els seus fills i filles en l&#8217;etapa vital de l&#8217;adolesc\u00e8ncia.<\/p>\n<p>Els tallers es van plantejar amb un triple objectiu:<\/p>\n<p>1. Facilitar estrat\u00e8gies per gestionar les emocions i fomentar el di\u00e0leg intergeneracional<br \/>\n2. Recon\u00e8ixer la posici\u00f3 que ocupem en els nostres sistemes familiars<br \/>\n3. Oferir eines per millorar la comunicaci\u00f3 entre els progenitors i els seus fills i filles<\/p>\n<p>Si voleu con\u00e8ixer aquesta experi\u00e8ncia de treball comunitari podeu <a href=\"https:\/\/inclusioaltemporda.cat\/portal\/wp-content\/uploads\/Taller-T\u00e8cniques-de-Comunicaci\u00f3-Llan\u00e7\u00e0.pdf\">accedir a aquest article mitjan\u00e7ant aquest enlla\u00e7<\/a>. Podeu visitar, igualment, l&#8217;<a href=\"https:\/\/inclusioaltemporda.cat\/portal\/professionals\/\">espai dedicat als professionals de la intervenci\u00f3 social <\/a>on trobareu a m\u00e9s d&#8217;aquest article d&#8217;altres reflexions interessants.<\/p>\n","protected":false},"excerpt":{"rendered":"<p>L&#8217;article que ofereix l&#8217;Espai Professional aquest mes d&#8217;abril est\u00e0 centrat en l&#8217;experi\u00e8ncia d&#8217;un taller basat en t\u00e8cniques de comunicaci\u00f3 entre progenitors i els seus fills i filles que un grup de professionals de l&#8217;\u00e0rea de Benestar van portar a terme a l&#8217;Institut de Llan\u00e7\u00e0.<\/p>\n","protected":false},"author":3,"featured_media":1664,"comment_status":"closed","ping_status":"closed","sticky":false,"template":"","format":"standard","meta":{"footnotes":""},"categories":[106,100,107,104,103,1,102],"tags":[],"class_list":["post-5264","post","type-post","status-publish","format-standard","has-post-thumbnail","hentry","category-administracions","category-area-benestar","category-centres-recerca-universitats","category-entitats-socials","category-estudiants-escoles-instituts","category-general","category-professionals-ambit-social","category-106","category-100","category-107","category-104","category-103","category-1","category-102","description-off"],"_links":{"self":[{"href":"https:\/\/inclusioaltemporda.cat\/portal\/wp-json\/wp\/v2\/posts\/5264","targetHints":{"allow":["GET"]}}],"collection":[{"href":"https:\/\/inclusioaltemporda.cat\/portal\/wp-json\/wp\/v2\/posts"}],"about":[{"href":"https:\/\/inclusioaltemporda.cat\/portal\/wp-json\/wp\/v2\/types\/post"}],"author":[{"embeddable":true,"href":"https:\/\/inclusioaltemporda.cat\/portal\/wp-json\/wp\/v2\/users\/3"}],"replies":[{"embeddable":true,"href":"https:\/\/inclusioaltemporda.cat\/portal\/wp-json\/wp\/v2\/comments?post=5264"}],"version-history":[{"count":4,"href":"https:\/\/inclusioaltemporda.cat\/portal\/wp-json\/wp\/v2\/posts\/5264\/revisions"}],"predecessor-version":[{"id":5278,"href":"https:\/\/inclusioaltemporda.cat\/portal\/wp-json\/wp\/v2\/posts\/5264\/revisions\/5278"}],"wp:featuredmedia":[{"embeddable":true,"href":"https:\/\/inclusioaltemporda.cat\/portal\/wp-json\/wp\/v2\/media\/1664"}],"wp:attachment":[{"href":"https:\/\/inclusioaltemporda.cat\/portal\/wp-json\/wp\/v2\/media?parent=5264"}],"wp:term":[{"taxonomy":"category","embeddable":true,"href":"https:\/\/inclusioaltemporda.cat\/portal\/wp-json\/wp\/v2\/categories?post=5264"},{"taxonomy":"post_tag","embeddable":true,"href":"https:\/\/inclusioaltemporda.cat\/portal\/wp-json\/wp\/v2\/tags?post=5264"}],"curies":[{"name":"wp","href":"https:\/\/api.w.org\/{rel}","templated":true}]}}