{"id":5273,"date":"2015-04-09T08:09:22","date_gmt":"2015-04-09T07:09:22","guid":{"rendered":"https:\/\/inclusioaltemporda.cat\/portal\/?p=5273"},"modified":"2016-02-01T09:25:30","modified_gmt":"2016-02-01T08:25:30","slug":"coneix-el-butlleti-de-la-direccio-general-dimmigracio","status":"publish","type":"post","link":"https:\/\/inclusioaltemporda.cat\/portal\/coneix-el-butlleti-de-la-direccio-general-dimmigracio\/","title":{"rendered":"Coneix el butllet\u00ed de la Direcci\u00f3 General d&#8217;Immigraci\u00f3"},"content":{"rendered":"<p>El <a href=\"http:\/\/benestar.gencat.cat\/ca\/actualitat\/butlletins_electronics\/butlletins_de_la_secretaria_per_a_la_immigracio\/butlleti_quinzenal_de_la_dgi\" target=\"_blank\">butllet\u00ed electr\u00f2nic<\/a> de la <a href=\"http:\/\/benestar.gencat.cat\/ca\/ambits_tematics\/immigracio\" target=\"_blank\">Direcci\u00f3 General per a la Immigraci\u00f3<\/a> informa mensualment de convocat\u00f2ries, not\u00edcies, informes i actualitat en general del m\u00f3n de la immigraci\u00f3 a Catalunya.<\/p>\n<p>Aquesta publicaci\u00f3 electr\u00f2nica tamb\u00e9 disposa del monogr\u00e0fic &#8220;La immigraci\u00f3 en xifres&#8221;, que d\u00f3na a con\u00e8ixer les dades i estad\u00edstiques m\u00e9s actuals sobre la poblaci\u00f3 estrangera a Catalunya.<\/p>\n<p>Podeu consultar els darrers n\u00fameros del butllet\u00ed en <a href=\"http:\/\/benestar.gencat.cat\/ca\/actualitat\/butlletins_electronics\/butlletins_de_la_secretaria_per_a_la_immigracio\/butlleti_quinzenal_de_la_dgi\" target=\"_blank\">aquest enlla\u00e7<\/a>.<\/p>\n<p>La\u00a0Direcci\u00f3 General\u00a0per a la Immigraci\u00f3, adscrita al Departament\u00a0de Benestar Social i Fam\u00edlia, s&#8217;encarrega de proposar al Govern directrius pol\u00edtiques en mat\u00e8ria d&#8217;immigraci\u00f3. \u00c9s l&#8217;\u00f2rgan responsable de programar, proposar i avaluar les decisions en mat\u00e8ria d&#8217;integraci\u00f3 de les persones immigrades. Tamb\u00e9 coordina la participaci\u00f3 de la Generalitat en les decisions de l&#8217;Estat sobre immigraci\u00f3 d&#8217;especial transcend\u00e8ncia per a Catalunya.<\/p>\n","protected":false},"excerpt":{"rendered":"<p>El butllet\u00ed electr\u00f2nic de la Direcci\u00f3 General per a la Immigraci\u00f3 informa mensualment de convocat\u00f2ries, not\u00edcies, informes i actualitat en general del m\u00f3n de la immigraci\u00f3 a Catalunya<\/p>\n","protected":false},"author":2,"featured_media":4143,"comment_status":"closed","ping_status":"closed","sticky":false,"template":"","format":"standard","meta":{"footnotes":""},"categories":[106,100,101,105,104,103,1,108,102],"tags":[],"class_list":["post-5273","post","type-post","status-publish","format-standard","has-post-thumbnail","hentry","category-administracions","category-area-benestar","category-ciutadania","category-empreses","category-entitats-socials","category-estudiants-escoles-instituts","category-general","category-mitjans-comunicacio","category-professionals-ambit-social","category-106","category-100","category-101","category-105","category-104","category-103","category-1","category-108","category-102","description-off"],"_links":{"self":[{"href":"https:\/\/inclusioaltemporda.cat\/portal\/wp-json\/wp\/v2\/posts\/5273","targetHints":{"allow":["GET"]}}],"collection":[{"href":"https:\/\/inclusioaltemporda.cat\/portal\/wp-json\/wp\/v2\/posts"}],"about":[{"href":"https:\/\/inclusioaltemporda.cat\/portal\/wp-json\/wp\/v2\/types\/post"}],"author":[{"embeddable":true,"href":"https:\/\/inclusioaltemporda.cat\/portal\/wp-json\/wp\/v2\/users\/2"}],"replies":[{"embeddable":true,"href":"https:\/\/inclusioaltemporda.cat\/portal\/wp-json\/wp\/v2\/comments?post=5273"}],"version-history":[{"count":3,"href":"https:\/\/inclusioaltemporda.cat\/portal\/wp-json\/wp\/v2\/posts\/5273\/revisions"}],"predecessor-version":[{"id":5275,"href":"https:\/\/inclusioaltemporda.cat\/portal\/wp-json\/wp\/v2\/posts\/5273\/revisions\/5275"}],"wp:featuredmedia":[{"embeddable":true,"href":"https:\/\/inclusioaltemporda.cat\/portal\/wp-json\/wp\/v2\/media\/4143"}],"wp:attachment":[{"href":"https:\/\/inclusioaltemporda.cat\/portal\/wp-json\/wp\/v2\/media?parent=5273"}],"wp:term":[{"taxonomy":"category","embeddable":true,"href":"https:\/\/inclusioaltemporda.cat\/portal\/wp-json\/wp\/v2\/categories?post=5273"},{"taxonomy":"post_tag","embeddable":true,"href":"https:\/\/inclusioaltemporda.cat\/portal\/wp-json\/wp\/v2\/tags?post=5273"}],"curies":[{"name":"wp","href":"https:\/\/api.w.org\/{rel}","templated":true}]}}