{"id":5279,"date":"2015-04-13T12:29:05","date_gmt":"2015-04-13T11:29:05","guid":{"rendered":"https:\/\/inclusioaltemporda.cat\/portal\/?p=5279"},"modified":"2016-02-01T09:25:29","modified_gmt":"2016-02-01T08:25:29","slug":"exit-de-la-jornada-eines-per-a-la-gestio-dequips-i-voluntaris","status":"publish","type":"post","link":"https:\/\/inclusioaltemporda.cat\/portal\/exit-de-la-jornada-eines-per-a-la-gestio-dequips-i-voluntaris\/","title":{"rendered":"\u00c8xit de la jornada &#8220;Eines per a la gesti\u00f3 d&#8217;equips i voluntaris&#8221;"},"content":{"rendered":"<p>El passat dissabte 11 d&#8217;abril es va celebrar la segona <a href=\"https:\/\/inclusioaltemporda.cat\/portal\/wp-content\/uploads\/D\u00edptic-Jornada-Formaci\u00f3-voluntariat-2015.pdf\" target=\"_blank\">Jornada Eines per a la gesti\u00f3 d&#8217;equips i voluntaris<\/a> organitzada per la <a href=\"http:\/\/www.entitatsaltemporda.cat\/\" target=\"_blank\">Taula Inclusi\u00f3 Alt Empord\u00e0<\/a>, la <a href=\"http:\/\/www.clerchinicolau.com\/\" target=\"_blank\">Fundaci\u00f3 Clerch i Nicolau<\/a>, l<a href=\"http:\/\/ca.figueres.cat\/\" target=\"_blank\">&#8216;Ajuntament de Figueres<\/a> i el <a href=\"www.altemporda.cat\" target=\"_blank\">Consell Comarcal de l&#8217;Alt Empord\u00e0<\/a>.<\/p>\n<p>La jornada, que es va celebrar al Centre C\u00edvic Joaquim Xirau de Figueres, va comptar amb la participaci\u00f3 d&#8217;una setantena de persones de diferents entitats i projectes de voluntariat social\u00a0 de la comarca.<\/p>\n<p>La primera part de la jornada, centrada en la gesti\u00f3 del voluntariat, va comptar amb les pon\u00e8ncies de l&#8217;<a href=\"https:\/\/twitter.com\/search?f=realtime&amp;q=%23ernestluz&amp;src=typd\" target=\"_blank\">Ernest Luz<\/a> (psic\u00f2leg de la UdG) sobre <a href=\"https:\/\/inclusioaltemporda.cat\/portal\/wp-content\/uploads\/Gesti\u00f3-de-Voluntaris-i-dEquips.pdf\" target=\"_blank\">&#8220;Gesti\u00f3 de voluntaris i equips&#8221;<\/a>, i de <a href=\"https:\/\/twitter.com\/martoriescobar\" target=\"_blank\">Jordi Martori<\/a> (coordinador de Creu Roja Girona) entorn <a href=\"https:\/\/inclusioaltemporda.cat\/portal\/wp-content\/uploads\/jordi-Martori.pdf\" target=\"_blank\">&#8220;El proc\u00e9s de treball amb el voluntariat&#8221;<\/a>, i amb un debat final moderat per la periodista <a href=\"https:\/\/twitter.com\/YolandaFalcon\" target=\"_blank\">Yolanda Falcon<\/a>.<\/p>\n<p>La sessi\u00f3 de tarda que anava dirigida a aprofundir en el treball de caire m\u00e9s emocional amb voluntaris i equips t\u00e8cnics de les entitats, va comptar amb els tallers d&#8217;Isabel Clemente (&#8220;Qu\u00e8 vol dir acompanyar l&#8217;altre&#8221;) i Enric Carol (&#8220;Donar i rebre. Per qu\u00e8 s\u00f3c voluntari?&#8221;). Va cloure la sessi\u00f3 de formaci\u00f3 la psic\u00f2loga Gl\u00f2ria Pla amb l&#8217;activitat &#8220;Espai d&#8217;autocura. Com ha de ser la implicaci\u00f3 emocional?&#8221;<\/p>\n<p>La jornada va ser seguida a les xarxes socials a trav\u00e9s del hashtag #voluntariataltemporda. A trav\u00e9s d&#8217;aquest <a href=\"https:\/\/twitter.com\/search?f=realtime&amp;q=%23voluntariataltemporda&amp;src=typd\" target=\"_blank\">enlla\u00e7<\/a> podeu veure tots els tweets generats amb aquest hashtag.<a href=\"https:\/\/twitter.com\/search?q=%23voluntariataltemporda&amp;src=typd\" target=\"_blank\"><br \/>\n<\/a><\/p>\n<p>&nbsp;<\/p>\n<p>&nbsp;<\/p>\n<p>&nbsp;<\/p>\n<p>&nbsp;<\/p>\n","protected":false},"excerpt":{"rendered":"<p>La jornada tenia com a finalitat promoure la reflexi\u00f3 i el debat a l&#8217;entorn de la gesti\u00f3 d&#8217;equips i de voluntariat, i el treball de gesti\u00f3 de les emocions amb voluntaris i equips professionals de les entitats<\/p>\n","protected":false},"author":2,"featured_media":5288,"comment_status":"closed","ping_status":"closed","sticky":false,"template":"","format":"standard","meta":{"footnotes":""},"categories":[106,33,100,101,105,104,103,1,108,12,11],"tags":[],"class_list":["post-5279","post","type-post","status-publish","format-standard","has-post-thumbnail","hentry","category-administracions","category-agenda","category-area-benestar","category-ciutadania","category-empreses","category-entitats-socials","category-estudiants-escoles-instituts","category-general","category-mitjans-comunicacio","category-pla-dinclusio-2","category-taula-inclusio","category-106","category-33","category-100","category-101","category-105","category-104","category-103","category-1","category-108","category-12","category-11","description-off"],"_links":{"self":[{"href":"https:\/\/inclusioaltemporda.cat\/portal\/wp-json\/wp\/v2\/posts\/5279","targetHints":{"allow":["GET"]}}],"collection":[{"href":"https:\/\/inclusioaltemporda.cat\/portal\/wp-json\/wp\/v2\/posts"}],"about":[{"href":"https:\/\/inclusioaltemporda.cat\/portal\/wp-json\/wp\/v2\/types\/post"}],"author":[{"embeddable":true,"href":"https:\/\/inclusioaltemporda.cat\/portal\/wp-json\/wp\/v2\/users\/2"}],"replies":[{"embeddable":true,"href":"https:\/\/inclusioaltemporda.cat\/portal\/wp-json\/wp\/v2\/comments?post=5279"}],"version-history":[{"count":4,"href":"https:\/\/inclusioaltemporda.cat\/portal\/wp-json\/wp\/v2\/posts\/5279\/revisions"}],"predecessor-version":[{"id":5285,"href":"https:\/\/inclusioaltemporda.cat\/portal\/wp-json\/wp\/v2\/posts\/5279\/revisions\/5285"}],"wp:featuredmedia":[{"embeddable":true,"href":"https:\/\/inclusioaltemporda.cat\/portal\/wp-json\/wp\/v2\/media\/5288"}],"wp:attachment":[{"href":"https:\/\/inclusioaltemporda.cat\/portal\/wp-json\/wp\/v2\/media?parent=5279"}],"wp:term":[{"taxonomy":"category","embeddable":true,"href":"https:\/\/inclusioaltemporda.cat\/portal\/wp-json\/wp\/v2\/categories?post=5279"},{"taxonomy":"post_tag","embeddable":true,"href":"https:\/\/inclusioaltemporda.cat\/portal\/wp-json\/wp\/v2\/tags?post=5279"}],"curies":[{"name":"wp","href":"https:\/\/api.w.org\/{rel}","templated":true}]}}