{"id":5340,"date":"2015-05-06T08:19:37","date_gmt":"2015-05-06T07:19:37","guid":{"rendered":"https:\/\/inclusioaltemporda.cat\/portal\/?p=5340"},"modified":"2016-02-01T09:25:27","modified_gmt":"2016-02-01T08:25:27","slug":"12a-assemblea-del-consell-consultiu-de-la-gent-gran","status":"publish","type":"post","link":"https:\/\/inclusioaltemporda.cat\/portal\/12a-assemblea-del-consell-consultiu-de-la-gent-gran\/","title":{"rendered":"12a Assemblea del Consell Consultiu de la Gent Gran"},"content":{"rendered":"<p>Ahir va tenir lloc la 12a Assemblea General Ordin\u00e0ria (AGO) del Consell Consultiu de la Gent Gran de l&#8217;Alt Empord\u00e0, organisme que t\u00e9 entre els seus objectius millorar la coordinaci\u00f3 entre Casals i Associacions de la Gent Gran de la comarca, i la interlocuci\u00f3 entre aquestes i el Consell Comarcal en totes aquelles q\u00fcestions que afectin al desenvolupament de la vida de les persones grans del territori.<\/p>\n<p>L&#8217;AGO, que va servir per rendir comptes sobre l\u2019activitat del Consell Consultiu l\u2019any 2014, tamb\u00e9 va aprovar per unanimitat el pla de treball per al present any i va definir el proc\u00e9s de seguiment dels acords del 7\u00e8 Congr\u00e9s Nacional de la Gent Gran celebrat el mes d&#8217;octubre passat.<\/p>\n<p>Entre la accions que el Consell Consultiu impulsar\u00e0 els curs vinent destaca el proc\u00e9s participatiu que\u00a0 ha de permetre endegar una reflexi\u00f3 sobre l&#8217;envelliment actiu a la comarca, amb la finalitat d&#8217;acordar prioritats d&#8217;actuaci\u00f3 i fer una proposta de recomanacions per als ens locals. El proc\u00e9s de participaci\u00f3 ser\u00e0 obert a les persones de m\u00e9s de 60 anys de la comarca, professionals del sector d&#8217;atenci\u00f3 a les persones, entitats i empreses prove\u00efdores de serveis a les persones grans, i entitats locals i responsables pol\u00edtics dels ajuntaments de la comarca.<\/p>\n","protected":false},"excerpt":{"rendered":"<p>Aquest organisme t\u00e9 entre els seus objectius millorar la coordinaci\u00f3 entre les associacions de la Gent Gran de la comarca i el Consell Comarcal en totes aquelles q\u00fcestions que afecten al desenvolupament de la vida de les persones grans<\/p>\n","protected":false},"author":2,"featured_media":5341,"comment_status":"closed","ping_status":"closed","sticky":false,"template":"","format":"standard","meta":{"footnotes":""},"categories":[106,100,101,104,1,108],"tags":[],"class_list":["post-5340","post","type-post","status-publish","format-standard","has-post-thumbnail","hentry","category-administracions","category-area-benestar","category-ciutadania","category-entitats-socials","category-general","category-mitjans-comunicacio","category-106","category-100","category-101","category-104","category-1","category-108","description-off"],"_links":{"self":[{"href":"https:\/\/inclusioaltemporda.cat\/portal\/wp-json\/wp\/v2\/posts\/5340","targetHints":{"allow":["GET"]}}],"collection":[{"href":"https:\/\/inclusioaltemporda.cat\/portal\/wp-json\/wp\/v2\/posts"}],"about":[{"href":"https:\/\/inclusioaltemporda.cat\/portal\/wp-json\/wp\/v2\/types\/post"}],"author":[{"embeddable":true,"href":"https:\/\/inclusioaltemporda.cat\/portal\/wp-json\/wp\/v2\/users\/2"}],"replies":[{"embeddable":true,"href":"https:\/\/inclusioaltemporda.cat\/portal\/wp-json\/wp\/v2\/comments?post=5340"}],"version-history":[{"count":4,"href":"https:\/\/inclusioaltemporda.cat\/portal\/wp-json\/wp\/v2\/posts\/5340\/revisions"}],"predecessor-version":[{"id":5344,"href":"https:\/\/inclusioaltemporda.cat\/portal\/wp-json\/wp\/v2\/posts\/5340\/revisions\/5344"}],"wp:featuredmedia":[{"embeddable":true,"href":"https:\/\/inclusioaltemporda.cat\/portal\/wp-json\/wp\/v2\/media\/5341"}],"wp:attachment":[{"href":"https:\/\/inclusioaltemporda.cat\/portal\/wp-json\/wp\/v2\/media?parent=5340"}],"wp:term":[{"taxonomy":"category","embeddable":true,"href":"https:\/\/inclusioaltemporda.cat\/portal\/wp-json\/wp\/v2\/categories?post=5340"},{"taxonomy":"post_tag","embeddable":true,"href":"https:\/\/inclusioaltemporda.cat\/portal\/wp-json\/wp\/v2\/tags?post=5340"}],"curies":[{"name":"wp","href":"https:\/\/api.w.org\/{rel}","templated":true}]}}