{"id":5347,"date":"2015-05-07T09:52:38","date_gmt":"2015-05-07T08:52:38","guid":{"rendered":"https:\/\/inclusioaltemporda.cat\/portal\/?p=5347"},"modified":"2016-02-01T09:25:27","modified_gmt":"2016-02-01T08:25:27","slug":"opinio-professional-396-hores-de-practiques-intenses-al-pla-dinclusio","status":"publish","type":"post","link":"https:\/\/inclusioaltemporda.cat\/portal\/opinio-professional-396-hores-de-practiques-intenses-al-pla-dinclusio\/","title":{"rendered":"Opini\u00f3 professional: 396 hores de pr\u00e0ctiques intenses al Pla d&#8217;Inclusi\u00f3"},"content":{"rendered":"<p>Aquest mes de maig l\u2019article que ofereix l\u2019Espai Professional relata l&#8217;experi\u00e8ncia de pr\u00e0ctiques viscuda per la Najat Talha, estudiant del cicle formatiu de grau superior d&#8217;integraci\u00f3 social a l&#8217;Institut Ramon Muntaner al Pla d&#8217;Inclusi\u00f3 de l&#8217;Alt Empord\u00e0.<\/p>\n<p>Si voleu con\u00e8ixer com han estat les seves 396 hores de pr\u00e0ctiques al Pla d&#8217;Inclusi\u00f3 de l&#8217;Alt Empord\u00e0,<a href=\"https:\/\/inclusioaltemporda.cat\/portal\/wp-content\/uploads\/396-hores-de-pr\u00e0ctiques-intenses-al-Pla-dInclusi\u00f3-de-lAlt-Empord\u00e0.pdf\"> accediu a l&#8217;article mitjan\u00e7ant aquest enlla\u00e7<\/a>.<\/p>\n<p>Podeu a seguir i compartir les opinions professionals que publiquem peri\u00f2dicament en aquesta web en l&#8217;<a href=\"https:\/\/inclusioaltemporda.cat\/portal\/professionals\/\">enlla\u00e7 Opini\u00f3 Professional<\/a>.<\/p>\n","protected":false},"excerpt":{"rendered":"<p>Aquest mes de maig l\u2019article que ofereix l\u2019Espai Professional relata l&#8217;experi\u00e8ncia de pr\u00e0ctiques viscuda per la Najat Talha, estudiant del cicle formatiu de grau superior d&#8217;integraci\u00f3 social a l&#8217;Institut Ramon Muntaner, al Pla d&#8217;Inclusi\u00f3 de l&#8217;Alt Empord\u00e0.<\/p>\n","protected":false},"author":3,"featured_media":5350,"comment_status":"closed","ping_status":"closed","sticky":false,"template":"","format":"standard","meta":{"footnotes":""},"categories":[100,107,101,105,104,103,1,108,12,102,11],"tags":[],"class_list":["post-5347","post","type-post","status-publish","format-standard","has-post-thumbnail","hentry","category-area-benestar","category-centres-recerca-universitats","category-ciutadania","category-empreses","category-entitats-socials","category-estudiants-escoles-instituts","category-general","category-mitjans-comunicacio","category-pla-dinclusio-2","category-professionals-ambit-social","category-taula-inclusio","category-100","category-107","category-101","category-105","category-104","category-103","category-1","category-108","category-12","category-102","category-11","description-off"],"_links":{"self":[{"href":"https:\/\/inclusioaltemporda.cat\/portal\/wp-json\/wp\/v2\/posts\/5347","targetHints":{"allow":["GET"]}}],"collection":[{"href":"https:\/\/inclusioaltemporda.cat\/portal\/wp-json\/wp\/v2\/posts"}],"about":[{"href":"https:\/\/inclusioaltemporda.cat\/portal\/wp-json\/wp\/v2\/types\/post"}],"author":[{"embeddable":true,"href":"https:\/\/inclusioaltemporda.cat\/portal\/wp-json\/wp\/v2\/users\/3"}],"replies":[{"embeddable":true,"href":"https:\/\/inclusioaltemporda.cat\/portal\/wp-json\/wp\/v2\/comments?post=5347"}],"version-history":[{"count":3,"href":"https:\/\/inclusioaltemporda.cat\/portal\/wp-json\/wp\/v2\/posts\/5347\/revisions"}],"predecessor-version":[{"id":5353,"href":"https:\/\/inclusioaltemporda.cat\/portal\/wp-json\/wp\/v2\/posts\/5347\/revisions\/5353"}],"wp:featuredmedia":[{"embeddable":true,"href":"https:\/\/inclusioaltemporda.cat\/portal\/wp-json\/wp\/v2\/media\/5350"}],"wp:attachment":[{"href":"https:\/\/inclusioaltemporda.cat\/portal\/wp-json\/wp\/v2\/media?parent=5347"}],"wp:term":[{"taxonomy":"category","embeddable":true,"href":"https:\/\/inclusioaltemporda.cat\/portal\/wp-json\/wp\/v2\/categories?post=5347"},{"taxonomy":"post_tag","embeddable":true,"href":"https:\/\/inclusioaltemporda.cat\/portal\/wp-json\/wp\/v2\/tags?post=5347"}],"curies":[{"name":"wp","href":"https:\/\/api.w.org\/{rel}","templated":true}]}}