{"id":5355,"date":"2015-05-12T08:07:29","date_gmt":"2015-05-12T07:07:29","guid":{"rendered":"https:\/\/inclusioaltemporda.cat\/portal\/?p=5355"},"modified":"2016-02-01T09:25:26","modified_gmt":"2016-02-01T08:25:26","slug":"curs-sobre-eines-practiques-per-a-la-gestio-i-prevencio-de-conflictes","status":"publish","type":"post","link":"https:\/\/inclusioaltemporda.cat\/portal\/curs-sobre-eines-practiques-per-a-la-gestio-i-prevencio-de-conflictes\/","title":{"rendered":"Curs sobre eines pr\u00e0ctiques per a la gesti\u00f3 i prevenci\u00f3 de conflictes"},"content":{"rendered":"<p>El <a href=\"http:\/\/justicia.gencat.cat\/ca\/ambits\/formacio_recerca_documentacio\/el_centre_d_estudis_juridics\/\">Centre d&#8217;Estudis Jur\u00eddics i Formaci\u00f3 Especialitzada de la Generalitat de Catalunya <\/a>ofereix a Figueres un curs sobre eines pr\u00e0ctiques per a la gesti\u00f3 i prevenci\u00f3 de conflictes.<\/p>\n<p>El curs est\u00e0 adre\u00e7at a professionals de les administracions locals (regidors, t\u00e8cnics i professionals) de les comarques de l&#8217;Alt Empord\u00e0, Baix Empord\u00e0, Pla de l&#8217;Estany i d&#8217;altres de la demarcaci\u00f3 de Girona, vinculats a les pol\u00edtiques juvenils de les \u00e0rees i serveis seg\u00fcents: educaci\u00f3, serveis socials, joventut i espais joves, cossos de seguretat, immigraci\u00f3 i cultura. El curs tamb\u00e9 est\u00e0 obert a persones interessades en la resoluci\u00f3 de conflictes, l&#8217;estructuraci\u00f3 i desenvolupament de serveis de medicaci\u00f3 i programes de reparaci\u00f3 de danys en l&#8217;\u00e0mbit municipal.<\/p>\n<p>El curs t\u00e9 com a finalitat donar a con\u00e8ixer la gesti\u00f3 i la resoluci\u00f3 de conflictes i les eines per abordar de manera constructiva i pr\u00e0ctica casos de conflicte.<\/p>\n<p>El curs \u00e9s bimodal i consisteix en 20 hores presencials, organitzades en 4 sessions (27 de maig, el 3 de juny, el 10 de juny i el 17 de juny de 9:30 a 14:30 h.) i 10 hores en\u00a0 l\u00ednia amb <a href=\"http:\/\/ecatalunya.gencat.cat\/portal\/faces\/public\/justicia\/grup?portal:componentId=index-page&amp;portal:type=render&amp;portal:isSecure=false&amp;groupid=40280e8b1559824701155b4ac15d0744\">suport did\u00e0ctic en prevenci\u00f3 comunit\u00e0ria i mediaci\u00f3 del portal de Just\u00edcia de la plataforma virtual e-Catalunya<\/a>.<\/p>\n<p>La inscripci\u00f3 \u00e9s gratu\u00efta. <a href=\"http:\/\/justicia.gencat.cat\/web\/.content\/home\/ambits\/formacio__recerca_i_docum\/formacio\/gestcon\/comunitats_de_practica\/prevencio_i_mediacio\/curs_eines_figueres_20150527_programa.pdf\">Cal sol\u00b7licitar-la en aquest enlla\u00e7 on podeu consultar el programa<\/a>. El termini d&#8217;inscripci\u00f3 finalitza el proper el 12 de maig.<\/p>\n<div data-canvas-width=\"78.40156097560978\">El curs s&#8217;impartir\u00e0 al Centre de Formaci\u00f3 Integrat Ferran Sunyer (Ronda Sud, 3) de Figueres.<\/div>\n","protected":false},"excerpt":{"rendered":"<p>El Centre d&#8217;Estudis Jur\u00eddics i Formaci\u00f3 Especialitzada de la Generalitat de Catalunya ofereix a Figueres un curs sobre eines pr\u00e0ctiques per a la gesti\u00f3 i prevenci\u00f3 de conflictes.<\/p>\n","protected":false},"author":3,"featured_media":3901,"comment_status":"closed","ping_status":"closed","sticky":false,"template":"","format":"standard","meta":{"footnotes":""},"categories":[106,33,100,101,105,104,103,1,108],"tags":[],"class_list":["post-5355","post","type-post","status-publish","format-standard","has-post-thumbnail","hentry","category-administracions","category-agenda","category-area-benestar","category-ciutadania","category-empreses","category-entitats-socials","category-estudiants-escoles-instituts","category-general","category-mitjans-comunicacio","category-106","category-33","category-100","category-101","category-105","category-104","category-103","category-1","category-108","description-off"],"_links":{"self":[{"href":"https:\/\/inclusioaltemporda.cat\/portal\/wp-json\/wp\/v2\/posts\/5355","targetHints":{"allow":["GET"]}}],"collection":[{"href":"https:\/\/inclusioaltemporda.cat\/portal\/wp-json\/wp\/v2\/posts"}],"about":[{"href":"https:\/\/inclusioaltemporda.cat\/portal\/wp-json\/wp\/v2\/types\/post"}],"author":[{"embeddable":true,"href":"https:\/\/inclusioaltemporda.cat\/portal\/wp-json\/wp\/v2\/users\/3"}],"replies":[{"embeddable":true,"href":"https:\/\/inclusioaltemporda.cat\/portal\/wp-json\/wp\/v2\/comments?post=5355"}],"version-history":[{"count":3,"href":"https:\/\/inclusioaltemporda.cat\/portal\/wp-json\/wp\/v2\/posts\/5355\/revisions"}],"predecessor-version":[{"id":5358,"href":"https:\/\/inclusioaltemporda.cat\/portal\/wp-json\/wp\/v2\/posts\/5355\/revisions\/5358"}],"wp:featuredmedia":[{"embeddable":true,"href":"https:\/\/inclusioaltemporda.cat\/portal\/wp-json\/wp\/v2\/media\/3901"}],"wp:attachment":[{"href":"https:\/\/inclusioaltemporda.cat\/portal\/wp-json\/wp\/v2\/media?parent=5355"}],"wp:term":[{"taxonomy":"category","embeddable":true,"href":"https:\/\/inclusioaltemporda.cat\/portal\/wp-json\/wp\/v2\/categories?post=5355"},{"taxonomy":"post_tag","embeddable":true,"href":"https:\/\/inclusioaltemporda.cat\/portal\/wp-json\/wp\/v2\/tags?post=5355"}],"curies":[{"name":"wp","href":"https:\/\/api.w.org\/{rel}","templated":true}]}}