{"id":5360,"date":"2015-05-20T08:37:30","date_gmt":"2015-05-20T07:37:30","guid":{"rendered":"https:\/\/inclusioaltemporda.cat\/portal\/?p=5360"},"modified":"2016-02-01T09:25:26","modified_gmt":"2016-02-01T08:25:26","slug":"convocatoria-dajuts-per-pagament-del-lloguer","status":"publish","type":"post","link":"https:\/\/inclusioaltemporda.cat\/portal\/convocatoria-dajuts-per-pagament-del-lloguer\/","title":{"rendered":"Convocat\u00f2ria d&#8217;ajuts per al pagament del lloguer"},"content":{"rendered":"<p>L\u2019<a href=\"http:\/\/www.agenciahabitatge.cat\/wps\/portal?WCM_GLOBAL_CONTEXT=\/ca\/ahc\/web\/inici\" target=\"_blank\">Ag\u00e8ncia de l\u2019Habitatge de Catalunya<\/a> ha obert una nova convocat\u00f2ria d\u2019<a href=\"http:\/\/web.gencat.cat\/ca\/actualitat\/detall\/20150518_Ajuts-per-al-pagament-del-lloguer\" target=\"_blank\">ajuts per pagar el lloguer <\/a>a la qual s\u2019hi poden acollir totes les persones titulars d\u2019un contracte d\u2019arrendament i que compleixin requisits. L\u2019import de l\u2019ajut correspon al 40% del preu del lloguer mensual i pot arribar fins a 2.400 euros anuals (200 euros mensuals).<\/p>\n<p>La convocat\u00f2ria estableix els preu m\u00e0xim que pot tenir el lloguer objecte de subvenci\u00f3 i els m\u00e0xims de renda familiar que ha de tenir la unitat econ\u00f2mica de conviv\u00e8ncia per poder gaudir d\u2019aquest ajut. El l\u00edmit d\u2019ingressos de la unitat de conviv\u00e8ncia ve marcat per l\u2019<a href=\"http:\/\/sac.gencat.cat\/sacgencat\/AppJava\/servei_fitxa.jsp?codi=13844\" target=\"_blank\">IRSC<\/a> i s\u2019estableix en funci\u00f3 de les persones que viuen en el mateix domicili. Per als habitatges de la demarcaci\u00f3 de Girona, el preu del lloguer mensual no pot superar els 450\u20ac.<\/p>\n<p>L&#8217;Oficina local d&#8217;Habitatge del Consell Comarcal de l&#8217;Alt Empord\u00e0 organitza sessions informatives grupals sobre la convocat\u00f2ria tots els dimecres i divendres de 10h a 11h i de 12h a 13h a la planta baixa del Consell amb l&#8217;objectiu d&#8217;orientar les persones interessades.<\/p>\n<p>Les sol\u00b7licituds es poden presentar tamb\u00e9 a l&#8217;Oficina d&#8217;Habitatge del Consell Comarcal, fins el dia 23 de juny.<\/p>\n<p>Per a m\u00e9s informaci\u00f3 sobre la convocat\u00f2ria, els tr\u00e0mits, i el models de sol\u00b7licitud requerits podeu consultar <a href=\"http:\/\/web.gencat.cat\/ca\/tramits\/tramits-temes\/20246_Subvencions-per-al-pagament-del-lloguer?category=74aba454-a82c-11e3-a972-000c29052e2c\" target=\"_blank\">aquest enlla\u00e7<\/a>, o adre\u00e7ar-vos a l&#8217;Oficina d&#8217;Habitatge del Consell (Telf. 972.50.30.88)<\/p>\n","protected":false},"excerpt":{"rendered":"<p>L\u2019Ag\u00e8ncia de l\u2019Habitatge de Catalunya ha obert una nova convocat\u00f2ria d\u2019ajuts per pagar el lloguer a la qual s\u2019hi poden acollir totes les persones titulars d\u2019un contracte d\u2019arrendament i que compleixin requisits<\/p>\n","protected":false},"author":2,"featured_media":2896,"comment_status":"closed","ping_status":"closed","sticky":false,"template":"","format":"standard","meta":{"footnotes":""},"categories":[106,101,1,108,102],"tags":[],"class_list":["post-5360","post","type-post","status-publish","format-standard","has-post-thumbnail","hentry","category-administracions","category-ciutadania","category-general","category-mitjans-comunicacio","category-professionals-ambit-social","category-106","category-101","category-1","category-108","category-102","description-off"],"_links":{"self":[{"href":"https:\/\/inclusioaltemporda.cat\/portal\/wp-json\/wp\/v2\/posts\/5360","targetHints":{"allow":["GET"]}}],"collection":[{"href":"https:\/\/inclusioaltemporda.cat\/portal\/wp-json\/wp\/v2\/posts"}],"about":[{"href":"https:\/\/inclusioaltemporda.cat\/portal\/wp-json\/wp\/v2\/types\/post"}],"author":[{"embeddable":true,"href":"https:\/\/inclusioaltemporda.cat\/portal\/wp-json\/wp\/v2\/users\/2"}],"replies":[{"embeddable":true,"href":"https:\/\/inclusioaltemporda.cat\/portal\/wp-json\/wp\/v2\/comments?post=5360"}],"version-history":[{"count":4,"href":"https:\/\/inclusioaltemporda.cat\/portal\/wp-json\/wp\/v2\/posts\/5360\/revisions"}],"predecessor-version":[{"id":5363,"href":"https:\/\/inclusioaltemporda.cat\/portal\/wp-json\/wp\/v2\/posts\/5360\/revisions\/5363"}],"wp:featuredmedia":[{"embeddable":true,"href":"https:\/\/inclusioaltemporda.cat\/portal\/wp-json\/wp\/v2\/media\/2896"}],"wp:attachment":[{"href":"https:\/\/inclusioaltemporda.cat\/portal\/wp-json\/wp\/v2\/media?parent=5360"}],"wp:term":[{"taxonomy":"category","embeddable":true,"href":"https:\/\/inclusioaltemporda.cat\/portal\/wp-json\/wp\/v2\/categories?post=5360"},{"taxonomy":"post_tag","embeddable":true,"href":"https:\/\/inclusioaltemporda.cat\/portal\/wp-json\/wp\/v2\/tags?post=5360"}],"curies":[{"name":"wp","href":"https:\/\/api.w.org\/{rel}","templated":true}]}}