{"id":5366,"date":"2015-06-02T08:09:14","date_gmt":"2015-06-02T07:09:14","guid":{"rendered":"https:\/\/inclusioaltemporda.cat\/portal\/?p=5366"},"modified":"2016-02-01T09:25:25","modified_gmt":"2016-02-01T08:25:25","slug":"14a-edicio-del-concurs-de-cartells-dia-mundial-sense-tabac","status":"publish","type":"post","link":"https:\/\/inclusioaltemporda.cat\/portal\/14a-edicio-del-concurs-de-cartells-dia-mundial-sense-tabac\/","title":{"rendered":"14a edici\u00f3 del Concurs de Cartells Dia Mundial sense Tabac"},"content":{"rendered":"<p>Ahir es van lliurar els premis de la 14a edici\u00f3 del Concurs de Cartells del Dia Mundial sense Tabac que organitza l&#8217;\u00e0rea de Benestar del Consell Comarcal de l&#8217;Alt Empord\u00e0.<\/p>\n<p>Enguany el primer premi ha estat pel cartell presentat per Daniel Barris, estudiant de primer d&#8217;ESO del Centre Escolar Empord\u00e0. Els acc\u00e8ssits han reconegut els cartells d&#8217;Angela Gonz\u00e1lez, estudiant de primer d&#8217;ESO de l&#8217;Institut d&#8217;Illa de Rodes i de Jennifer Zamora, estudiant de segon d&#8217;ESO de l&#8217;Institut Cap de Creus de Cadaqu\u00e9s.<\/p>\n<p>En aquesta edici\u00f3 la participaci\u00f3 dels centres d&#8217;ensenyament secundari de la comarca ha estat molt elevada. S&#8217;han presentat un total de 341 cartells de 7 centres educatiu: Col\u00b7legi La Salle i Paula Montal &#8221; Escol\u00e0pies&#8221; de Figueres, Centre Escolar Empord\u00e0 i Institut Illa de Rodes de Roses, Institut Cap de Creus de Cadaqu\u00e9s, Institut de Castell\u00f3 d&#8217;Emp\u00faries i Institut de Vilafant.<\/p>\n<p>Aquesta iniciativa vol contribuir a sensibilitzar la poblaci\u00f3 adolescent i jove de la comarca sobre els riscos que comporta el consum de tabac. Segons les dades de l&#8217;Enquesta sobre alcohol i drogues de l&#8217;any 2013 feta a poblaci\u00f3 d&#8217;entre 14 i 18 anys al conjunt de l&#8217;estat, del Ministeri de Sanitat, Serveis Socials i Igualtat, el percentatge de consumidors de tabac en aquesta franja d&#8217;edat\u00a0 ha estat del 35%. L&#8217;edat mitjana en qu\u00e8 els adolescents s&#8217;inicien en el consum de tabac \u00e9s el 13,6 anys i el tabac \u00e9s la segona subst\u00e0ncia m\u00e9s consumida entre aquesta poblaci\u00f3, per darrera de l&#8217;alcohol.<\/p>\n","protected":false},"excerpt":{"rendered":"<p>Ahir es van lliurar els premis de la 14a edici\u00f3 del Concurs de Cartells del Dia Mundial sense Tabac que organitza l&#8217;\u00e0rea de Benestar del Consell Comarcal de l&#8217;Alt Empord\u00e0.<\/p>\n","protected":false},"author":3,"featured_media":5367,"comment_status":"closed","ping_status":"closed","sticky":false,"template":"","format":"standard","meta":{"footnotes":""},"categories":[106,100,101,104,103,1,108],"tags":[],"class_list":["post-5366","post","type-post","status-publish","format-standard","has-post-thumbnail","hentry","category-administracions","category-area-benestar","category-ciutadania","category-entitats-socials","category-estudiants-escoles-instituts","category-general","category-mitjans-comunicacio","category-106","category-100","category-101","category-104","category-103","category-1","category-108","description-off"],"_links":{"self":[{"href":"https:\/\/inclusioaltemporda.cat\/portal\/wp-json\/wp\/v2\/posts\/5366","targetHints":{"allow":["GET"]}}],"collection":[{"href":"https:\/\/inclusioaltemporda.cat\/portal\/wp-json\/wp\/v2\/posts"}],"about":[{"href":"https:\/\/inclusioaltemporda.cat\/portal\/wp-json\/wp\/v2\/types\/post"}],"author":[{"embeddable":true,"href":"https:\/\/inclusioaltemporda.cat\/portal\/wp-json\/wp\/v2\/users\/3"}],"replies":[{"embeddable":true,"href":"https:\/\/inclusioaltemporda.cat\/portal\/wp-json\/wp\/v2\/comments?post=5366"}],"version-history":[{"count":2,"href":"https:\/\/inclusioaltemporda.cat\/portal\/wp-json\/wp\/v2\/posts\/5366\/revisions"}],"predecessor-version":[{"id":5369,"href":"https:\/\/inclusioaltemporda.cat\/portal\/wp-json\/wp\/v2\/posts\/5366\/revisions\/5369"}],"wp:featuredmedia":[{"embeddable":true,"href":"https:\/\/inclusioaltemporda.cat\/portal\/wp-json\/wp\/v2\/media\/5367"}],"wp:attachment":[{"href":"https:\/\/inclusioaltemporda.cat\/portal\/wp-json\/wp\/v2\/media?parent=5366"}],"wp:term":[{"taxonomy":"category","embeddable":true,"href":"https:\/\/inclusioaltemporda.cat\/portal\/wp-json\/wp\/v2\/categories?post=5366"},{"taxonomy":"post_tag","embeddable":true,"href":"https:\/\/inclusioaltemporda.cat\/portal\/wp-json\/wp\/v2\/tags?post=5366"}],"curies":[{"name":"wp","href":"https:\/\/api.w.org\/{rel}","templated":true}]}}