{"id":5370,"date":"2015-06-08T07:32:18","date_gmt":"2015-06-08T06:32:18","guid":{"rendered":"https:\/\/inclusioaltemporda.cat\/portal\/?p=5370"},"modified":"2016-02-01T09:25:25","modified_gmt":"2016-02-01T08:25:25","slug":"exposicio-identitats-a-la-fundacio-clerch-i-nicolau-de-figueres","status":"publish","type":"post","link":"https:\/\/inclusioaltemporda.cat\/portal\/exposicio-identitats-a-la-fundacio-clerch-i-nicolau-de-figueres\/","title":{"rendered":"Exposici\u00f3 Identitat(s) a la Fundaci\u00f3 Clerch i Nicolau de Figueres"},"content":{"rendered":"<p>El proper dimecres 10 de juny a les 20 h. s&#8217;inaugura l&#8217;exposici\u00f3 Identitat(s) a la Fundaci\u00f3 Clerch i Nicolau de Figueres.<\/p>\n<p>Aquesta mostra \u00e9s el resultat d&#8217;una reflexi\u00f3 col\u00b7lectiva que, a partir de la fotografia i el treball esc\u00e8nic, exhibeix una exposici\u00f3 urbana que consta de fotografies, el making off i un v\u00eddeo del proc\u00e9s de treball.<\/p>\n<p>Un conjunt de persones de diferents edats, sexe i proced\u00e8ncia reflexiona a Identitat(s) a l&#8217;entorn dels arquetips socials, com ara el bon ciutad\u00e0, la persona inadaptada, la persona d&#8217;origen immigrant, la persona perillosa o l&#8217;exemplar, a la vegada que es treballen les actituds que ens defineixen a l&#8217;espai p\u00fablic: la toler\u00e0ncia, la incomprensi\u00f3, l&#8217;amabilitat o el despotisme.<\/p>\n<p>L&#8217;exposici\u00f3 la podeu visitar al llarg del mes de juny i fins l&#8217;1 de juliol.<\/p>\n<p>&nbsp;<\/p>\n<p><span style=\"font-size: small;\"><br \/>\n<\/span><\/p>\n","protected":false},"excerpt":{"rendered":"<p>El proper dimecres 10 de juny a les 20 h. s&#8217;inaugura l&#8217;exposici\u00f3 Identitat(s) a la Fundaci\u00f3 Clerch i Nicolau de Figueres.<\/p>\n","protected":false},"author":3,"featured_media":5371,"comment_status":"closed","ping_status":"closed","sticky":false,"template":"","format":"standard","meta":{"footnotes":""},"categories":[33,101,105,104,103,1,108],"tags":[],"class_list":["post-5370","post","type-post","status-publish","format-standard","has-post-thumbnail","hentry","category-agenda","category-ciutadania","category-empreses","category-entitats-socials","category-estudiants-escoles-instituts","category-general","category-mitjans-comunicacio","category-33","category-101","category-105","category-104","category-103","category-1","category-108","description-off"],"_links":{"self":[{"href":"https:\/\/inclusioaltemporda.cat\/portal\/wp-json\/wp\/v2\/posts\/5370","targetHints":{"allow":["GET"]}}],"collection":[{"href":"https:\/\/inclusioaltemporda.cat\/portal\/wp-json\/wp\/v2\/posts"}],"about":[{"href":"https:\/\/inclusioaltemporda.cat\/portal\/wp-json\/wp\/v2\/types\/post"}],"author":[{"embeddable":true,"href":"https:\/\/inclusioaltemporda.cat\/portal\/wp-json\/wp\/v2\/users\/3"}],"replies":[{"embeddable":true,"href":"https:\/\/inclusioaltemporda.cat\/portal\/wp-json\/wp\/v2\/comments?post=5370"}],"version-history":[{"count":2,"href":"https:\/\/inclusioaltemporda.cat\/portal\/wp-json\/wp\/v2\/posts\/5370\/revisions"}],"predecessor-version":[{"id":5373,"href":"https:\/\/inclusioaltemporda.cat\/portal\/wp-json\/wp\/v2\/posts\/5370\/revisions\/5373"}],"wp:featuredmedia":[{"embeddable":true,"href":"https:\/\/inclusioaltemporda.cat\/portal\/wp-json\/wp\/v2\/media\/5371"}],"wp:attachment":[{"href":"https:\/\/inclusioaltemporda.cat\/portal\/wp-json\/wp\/v2\/media?parent=5370"}],"wp:term":[{"taxonomy":"category","embeddable":true,"href":"https:\/\/inclusioaltemporda.cat\/portal\/wp-json\/wp\/v2\/categories?post=5370"},{"taxonomy":"post_tag","embeddable":true,"href":"https:\/\/inclusioaltemporda.cat\/portal\/wp-json\/wp\/v2\/tags?post=5370"}],"curies":[{"name":"wp","href":"https:\/\/api.w.org\/{rel}","templated":true}]}}