{"id":5375,"date":"2015-06-09T08:29:38","date_gmt":"2015-06-09T07:29:38","guid":{"rendered":"https:\/\/inclusioaltemporda.cat\/portal\/?p=5375"},"modified":"2016-02-01T09:25:25","modified_gmt":"2016-02-01T08:25:25","slug":"congres-deducacio-lescola-parla","status":"publish","type":"post","link":"https:\/\/inclusioaltemporda.cat\/portal\/congres-deducacio-lescola-parla\/","title":{"rendered":"Congr\u00e9s d&#8217;educaci\u00f3 &#8220;L&#8217;escola parla&#8221;"},"content":{"rendered":"<p>Els dies\u00a01, 2 i 3 de juliol\u00a0tindr\u00e0 lloc a Figueres el\u00a0<a href=\"https:\/\/sites.google.com\/a\/xtec.cat\/l-escola-parla\/home\" target=\"_blank\">I Congr\u00e9s d\u2019educaci\u00f3 L\u2019escola parla<\/a>,\u00a0organitzat pel <a href=\"https:\/\/sites.google.com\/a\/xtec.cat\/seae\/\" target=\"_blank\">Servei Educatiu de l&#8217;Alt Empord\u00e0 <\/a>amb el suport del Consell Comarcal de l&#8217;Alt Empord\u00e0 i l&#8217;Ajuntament de Figueres. L&#8217;Escola parla vol ser un espai de trobada dels professionals de l&#8217;\u00e0mbit educatiu amb l&#8217;objectiu de millorar la pr\u00e0ctica docent, reflexionar sobre l&#8217;educaci\u00f3 pr\u00e0ctica, promoure l&#8217;intercanvi d&#8217;experi\u00e8ncies, potenciar el treball en xarxa entre centres educatius i entitats, i facilitar una formaci\u00f3 permanent i de qualitat.<\/p>\n<p>Les activitat del Congr\u00e9s estant organitzades entorn <a href=\"https:\/\/sites.google.com\/a\/xtec.cat\/l-escola-parla\/eixos-tematics\" target=\"_blank\">10 eixos tem\u00e0tics i 5 eixos transversals<\/a> definits pel grup impulsor del congr\u00e9s, amb l&#8217;objectiu de donar resposta a les inquietuds educatives sorgides en el marc de reflexi\u00f3 dels diferents grups de treballs i projectes intercentres que es desenvolupen a la comarca de l&#8217;Alt Empord\u00e0. Consulteu el programa complet en <a href=\"https:\/\/sites.google.com\/a\/xtec.cat\/l-escola-parla\/programa\/programa-dia-a-dia\" target=\"_blank\">aquest enlla\u00e7<\/a>.<\/p>\n<p>Les inscripcions estan obertes fins el dilluns 20 de juny amb preus de 35\u20ac i 50\u20ac. Les podeu fer a trav\u00e9s d&#8217;<a href=\"https:\/\/sites.google.com\/a\/xtec.cat\/l-escola-parla\/inscripcions\/inscripcio-al-congres\" target=\"_blank\">aquest enlla\u00e7<\/a>.<\/p>\n<p>Podeu presentar una comunicaci\u00f3 fins el divendres 12 de juny a les 12h. Trobareu m\u00e9s informaci\u00f3 sobre aquesta q\u00fcesti\u00f3 al seg\u00fcent <a href=\"https:\/\/sites.google.com\/a\/xtec.cat\/l-escola-parla\/inscripcio\" target=\"_blank\">enlla\u00e7<\/a>.<\/p>\n<p>Podeu seguir tota la informaci\u00f3 i les novetats del Congr\u00e9s al twitter <a href=\"https:\/\/twitter.com\/sealtemporda\" target=\"_blank\">@sealtemporda<\/a> i a trav\u00e9s del hashtag <a href=\"https:\/\/twitter.com\/search?q=%23lescolaparla&amp;src=typd&amp;vertical=default\" target=\"_blank\">#lescolaparla<\/a><\/p>\n<p>&nbsp;<\/p>\n","protected":false},"excerpt":{"rendered":"<p>Els dies 1, 2 i 3 de juliol tindr\u00e0 lloc a Figueres el I Congr\u00e9s d\u2019educaci\u00f3 L\u2019escola parla, organitzat pel Servei Educatiu de l&#8217;Alt Empord\u00e0 <\/p>\n","protected":false},"author":2,"featured_media":5380,"comment_status":"closed","ping_status":"closed","sticky":false,"template":"","format":"standard","meta":{"footnotes":""},"categories":[106,33,107,101,1],"tags":[],"class_list":["post-5375","post","type-post","status-publish","format-standard","has-post-thumbnail","hentry","category-administracions","category-agenda","category-centres-recerca-universitats","category-ciutadania","category-general","category-106","category-33","category-107","category-101","category-1","description-off"],"_links":{"self":[{"href":"https:\/\/inclusioaltemporda.cat\/portal\/wp-json\/wp\/v2\/posts\/5375","targetHints":{"allow":["GET"]}}],"collection":[{"href":"https:\/\/inclusioaltemporda.cat\/portal\/wp-json\/wp\/v2\/posts"}],"about":[{"href":"https:\/\/inclusioaltemporda.cat\/portal\/wp-json\/wp\/v2\/types\/post"}],"author":[{"embeddable":true,"href":"https:\/\/inclusioaltemporda.cat\/portal\/wp-json\/wp\/v2\/users\/2"}],"replies":[{"embeddable":true,"href":"https:\/\/inclusioaltemporda.cat\/portal\/wp-json\/wp\/v2\/comments?post=5375"}],"version-history":[{"count":4,"href":"https:\/\/inclusioaltemporda.cat\/portal\/wp-json\/wp\/v2\/posts\/5375\/revisions"}],"predecessor-version":[{"id":5378,"href":"https:\/\/inclusioaltemporda.cat\/portal\/wp-json\/wp\/v2\/posts\/5375\/revisions\/5378"}],"wp:featuredmedia":[{"embeddable":true,"href":"https:\/\/inclusioaltemporda.cat\/portal\/wp-json\/wp\/v2\/media\/5380"}],"wp:attachment":[{"href":"https:\/\/inclusioaltemporda.cat\/portal\/wp-json\/wp\/v2\/media?parent=5375"}],"wp:term":[{"taxonomy":"category","embeddable":true,"href":"https:\/\/inclusioaltemporda.cat\/portal\/wp-json\/wp\/v2\/categories?post=5375"},{"taxonomy":"post_tag","embeddable":true,"href":"https:\/\/inclusioaltemporda.cat\/portal\/wp-json\/wp\/v2\/tags?post=5375"}],"curies":[{"name":"wp","href":"https:\/\/api.w.org\/{rel}","templated":true}]}}