{"id":5383,"date":"2015-06-10T09:57:57","date_gmt":"2015-06-10T08:57:57","guid":{"rendered":"https:\/\/inclusioaltemporda.cat\/portal\/?p=5383"},"modified":"2016-02-01T09:25:25","modified_gmt":"2016-02-01T08:25:25","slug":"el-projecte-tothom-pot-navegar-del-gen-de-roses-guanya-el-premi-inclusio-social-2015","status":"publish","type":"post","link":"https:\/\/inclusioaltemporda.cat\/portal\/el-projecte-tothom-pot-navegar-del-gen-de-roses-guanya-el-premi-inclusio-social-2015\/","title":{"rendered":"El projecte &#8220;Tothom pot navegar&#8221; del GEN de Roses guanya el Premi Inclusi\u00f3 Social 2015"},"content":{"rendered":"<p>El ple del Consell Comarcal de l&#8217;Alt Empord\u00e0 va acordar ahir atorgar el Premi Inclusi\u00f3 Social 2015 al projecte &#8220;Tothom pot navegar&#8221; del GEN de Roses.<\/p>\n<p>El projecte &#8220;Tothom pot navegar&#8221; \u00e9s una iniciativa d&#8217;acci\u00f3 social que promou el Grup d&#8217;Esports N\u00e0utics de Roses que t\u00e9 com a objectiu combatre l&#8217;exclusi\u00f3 social mitjan\u00e7ant l&#8217;aprenentatge d&#8217;esports n\u00e0utics i h\u00e0bits de vida saludables entre els infants, joves i adults del municipi.<\/p>\n<p>El projecte vol facilitar oportunitats d&#8217;aprenentatge de l&#8217;esport de vela i millorar el benestar emocional i social de persones m\u00e9s vulnerables que s\u00f3n ateses per institucions, entitats socials i associacions.<\/p>\n<p>El jurat dels Premis Inclusi\u00f3 Social 2015 va valorar especialment l&#8217;orientaci\u00f3 inclusiva del projecte &#8220;Tothom pot navegar&#8221;, la perspectiva de g\u00e8nere, la metodologia de treball proposada i la xarxa d&#8217;agents del municipi de Roses que participen en la seva implementaci\u00f3.<\/p>\n<p>El premi Inclusi\u00f3 Social 2015 dotat amb 6.000 euros permetr\u00e0 que al llarg d&#8217;un any diferents col\u00b7lectius participin en accions programades: bateigs de vela i iniciaci\u00f3 als esports n\u00e0utics, tallers tem\u00e0tics i jornades de navegaci\u00f3, regates i esdeveniments solidaris aix\u00ed com a la formaci\u00f3 de futurs t\u00e8cnics de vela.<\/p>\n<p>&nbsp;<\/p>\n","protected":false},"excerpt":{"rendered":"<p>El projecte &#8220;Tothom pot navegar&#8221; \u00e9s una iniciativa d&#8217;acci\u00f3 social que promou el Grup d&#8217;Esports N\u00e0utics de Roses amb l&#8217;objectiu de combatre l&#8217;exclusi\u00f3 social mitjan\u00e7ant l&#8217;aprenentatge d&#8217;esports n\u00e0utics.<\/p>\n","protected":false},"author":3,"featured_media":5384,"comment_status":"closed","ping_status":"closed","sticky":false,"template":"","format":"standard","meta":{"footnotes":""},"categories":[106,100,101,105,104,103,1,108,12,102],"tags":[],"class_list":["post-5383","post","type-post","status-publish","format-standard","has-post-thumbnail","hentry","category-administracions","category-area-benestar","category-ciutadania","category-empreses","category-entitats-socials","category-estudiants-escoles-instituts","category-general","category-mitjans-comunicacio","category-pla-dinclusio-2","category-professionals-ambit-social","category-106","category-100","category-101","category-105","category-104","category-103","category-1","category-108","category-12","category-102","description-off"],"_links":{"self":[{"href":"https:\/\/inclusioaltemporda.cat\/portal\/wp-json\/wp\/v2\/posts\/5383","targetHints":{"allow":["GET"]}}],"collection":[{"href":"https:\/\/inclusioaltemporda.cat\/portal\/wp-json\/wp\/v2\/posts"}],"about":[{"href":"https:\/\/inclusioaltemporda.cat\/portal\/wp-json\/wp\/v2\/types\/post"}],"author":[{"embeddable":true,"href":"https:\/\/inclusioaltemporda.cat\/portal\/wp-json\/wp\/v2\/users\/3"}],"replies":[{"embeddable":true,"href":"https:\/\/inclusioaltemporda.cat\/portal\/wp-json\/wp\/v2\/comments?post=5383"}],"version-history":[{"count":6,"href":"https:\/\/inclusioaltemporda.cat\/portal\/wp-json\/wp\/v2\/posts\/5383\/revisions"}],"predecessor-version":[{"id":5389,"href":"https:\/\/inclusioaltemporda.cat\/portal\/wp-json\/wp\/v2\/posts\/5383\/revisions\/5389"}],"wp:featuredmedia":[{"embeddable":true,"href":"https:\/\/inclusioaltemporda.cat\/portal\/wp-json\/wp\/v2\/media\/5384"}],"wp:attachment":[{"href":"https:\/\/inclusioaltemporda.cat\/portal\/wp-json\/wp\/v2\/media?parent=5383"}],"wp:term":[{"taxonomy":"category","embeddable":true,"href":"https:\/\/inclusioaltemporda.cat\/portal\/wp-json\/wp\/v2\/categories?post=5383"},{"taxonomy":"post_tag","embeddable":true,"href":"https:\/\/inclusioaltemporda.cat\/portal\/wp-json\/wp\/v2\/tags?post=5383"}],"curies":[{"name":"wp","href":"https:\/\/api.w.org\/{rel}","templated":true}]}}