{"id":5393,"date":"2015-07-01T09:47:51","date_gmt":"2015-07-01T08:47:51","guid":{"rendered":"https:\/\/inclusioaltemporda.cat\/portal\/?p=5393"},"modified":"2016-02-01T09:25:24","modified_gmt":"2016-02-01T08:25:24","slug":"convocatoria-de-subvencions-per-al-transport-adaptat-2015","status":"publish","type":"post","link":"https:\/\/inclusioaltemporda.cat\/portal\/convocatoria-de-subvencions-per-al-transport-adaptat-2015\/","title":{"rendered":"Convocat\u00f2ria de subvencions per al transport adaptat 2015"},"content":{"rendered":"<p>El Consell Comarcal de l&#8217;Alt Empord\u00e0 ha obert la convocat\u00f2ria de subvencions per al transport adaptat per a l&#8217;any 2015.<\/p>\n<p>La convocat\u00f2ria, publicada definitivament en el BOP n\u00famero 107 de data 4 de juny cont\u00e9 les bases que regiran la convocat\u00f2ria de subvencions destinades a la col\u00b7laboraci\u00f3 en el finan\u00e7ament dels serveis de transport adaptat a la comarca de l\u2019Alt Empord\u00e0 per a l\u2019any 2015.<\/p>\n<p>El termini per presentar les sol\u00b7licituds \u00e9s d&#8217;un mes a partir de l&#8217;endem\u00e0 de la publicaci\u00f3 i, per tant, l&#8217;\u00faltim dia de presentaci\u00f3 ser\u00e0 el dia 3 de juliol.<\/p>\n<p>Podeu consultar la convocat\u00f2ria i les bases en <a href=\"https:\/\/ssl4.ddgi.cat\/bopV1\/pdf\/2015\/107\/201510706169.pdf\" target=\"_blank\">aquest enlla\u00e7<\/a>, i descarregar-vos els documents de sol\u00b7licitud d&#8217;aquest ajut:<\/p>\n<ul>\n<li><a href=\"http:\/\/www.altemporda.org\/portal\/attachments\/article\/1729\/Sol%C2%B7licitud_Individual_2015.doc\" target=\"_blank\">Model de sol\u00b7licitud individual<\/a><\/li>\n<li><a href=\"http:\/\/www.altemporda.org\/portal\/attachments\/article\/1729\/Sol%C2%B7licitud_Col%C2%B7lectiu_2015.doc\" target=\"_blank\">Model de sol\u00b7licitud col\u00b7lectiva<\/a><\/li>\n<li><a href=\"http:\/\/www.altemporda.org\/portal\/attachments\/article\/1729\/Annexos_1.1_1.2_Individuals.doc\" target=\"_blank\">Annexos sol\u00b7licitud individual<\/a><\/li>\n<li><a href=\"http:\/\/www.altemporda.org\/portal\/attachments\/article\/1729\/Annexos_2.1_2.2_2.3_Col%C2%B7lectius.doc\" target=\"_blank\">Annexos sol\u00b7licitud col\u00b7lectiva<\/a><\/li>\n<\/ul>\n","protected":false},"excerpt":{"rendered":"<p>El Consell Comarcal de l&#8217;Alt Empord\u00e0 ha obert la convocat\u00f2ria de subvencions per al transport adaptat per a l&#8217;any 2015. <\/p>\n","protected":false},"author":2,"featured_media":5394,"comment_status":"closed","ping_status":"closed","sticky":false,"template":"","format":"standard","meta":{"footnotes":""},"categories":[1],"tags":[],"class_list":["post-5393","post","type-post","status-publish","format-standard","has-post-thumbnail","hentry","category-general","category-1","description-off"],"_links":{"self":[{"href":"https:\/\/inclusioaltemporda.cat\/portal\/wp-json\/wp\/v2\/posts\/5393","targetHints":{"allow":["GET"]}}],"collection":[{"href":"https:\/\/inclusioaltemporda.cat\/portal\/wp-json\/wp\/v2\/posts"}],"about":[{"href":"https:\/\/inclusioaltemporda.cat\/portal\/wp-json\/wp\/v2\/types\/post"}],"author":[{"embeddable":true,"href":"https:\/\/inclusioaltemporda.cat\/portal\/wp-json\/wp\/v2\/users\/2"}],"replies":[{"embeddable":true,"href":"https:\/\/inclusioaltemporda.cat\/portal\/wp-json\/wp\/v2\/comments?post=5393"}],"version-history":[{"count":2,"href":"https:\/\/inclusioaltemporda.cat\/portal\/wp-json\/wp\/v2\/posts\/5393\/revisions"}],"predecessor-version":[{"id":5396,"href":"https:\/\/inclusioaltemporda.cat\/portal\/wp-json\/wp\/v2\/posts\/5393\/revisions\/5396"}],"wp:featuredmedia":[{"embeddable":true,"href":"https:\/\/inclusioaltemporda.cat\/portal\/wp-json\/wp\/v2\/media\/5394"}],"wp:attachment":[{"href":"https:\/\/inclusioaltemporda.cat\/portal\/wp-json\/wp\/v2\/media?parent=5393"}],"wp:term":[{"taxonomy":"category","embeddable":true,"href":"https:\/\/inclusioaltemporda.cat\/portal\/wp-json\/wp\/v2\/categories?post=5393"},{"taxonomy":"post_tag","embeddable":true,"href":"https:\/\/inclusioaltemporda.cat\/portal\/wp-json\/wp\/v2\/tags?post=5393"}],"curies":[{"name":"wp","href":"https:\/\/api.w.org\/{rel}","templated":true}]}}