{"id":5398,"date":"2015-07-03T07:58:47","date_gmt":"2015-07-03T06:58:47","guid":{"rendered":"https:\/\/inclusioaltemporda.cat\/portal\/?p=5398"},"modified":"2016-02-01T09:25:24","modified_gmt":"2016-02-01T08:25:24","slug":"lespai-espiadimonis-inicia-la-seva-activitat-aquest-mes-de-juliol-a-cabanes-i-camallera","status":"publish","type":"post","link":"https:\/\/inclusioaltemporda.cat\/portal\/lespai-espiadimonis-inicia-la-seva-activitat-aquest-mes-de-juliol-a-cabanes-i-camallera\/","title":{"rendered":"L&#8217;Espai Espiadimonis inicia la seva activitat aquest mes de juliol a Cabanes i Camallera"},"content":{"rendered":"<p>En el marc del Pla d&#8217;Inclusi\u00f3 Social de l&#8217;Alt Empord\u00e0 les entitats que participen a la Taula d&#8217;Inclusi\u00f3 han promogut aquest any una nova iniciativa que permetr\u00e0 oferir aquest mes de juliol un espai de lleure creatiu per als infants i adolescents dels municipis de Cabanes i Camallera.<\/p>\n<p>El treball en xarxa promogut pel Pla d&#8217;Inclusi\u00f3 des de fa uns mesos amb KSAMEU, la FAPAC-Alt Empord\u00e0, C\u00e0ritas Figueres, Creu Roja i la Fundaci\u00f3 Esplai Girona ha facilitat la definici\u00f3 de l&#8217;Espai Espiadimonis, un lloc per fomentar el descobriment i l&#8217;aprenentatge mitjan\u00e7ant el joc i la creaci\u00f3 art\u00edstica, adre\u00e7at a infants i adolescents de 6 a 14 anys.<\/p>\n<p>En el marc de l&#8217;Espai Espiadimonis es proposar\u00e0 als participants un viatge pels continents a trav\u00e9s dels elements b\u00e0sics de la natura, descobrir activitats creatives i treballar habilitats, viure noves experi\u00e8ncies i aprenentatges, compartir valors b\u00e0sics de ciutadania i h\u00e0bits saludables, fer un \u00fas creatiu i segur de les noves tecnologies i fer xarxa comunit\u00e0ria amb les fam\u00edlies, l&#8217;escola i el poble.<\/p>\n<p>L&#8217;Espai Espiadimonis \u00e9s un programa-pilot que s&#8217;ha definit i finan\u00e7at en el marc d&#8217;una de les l\u00ednies del programa \u00abSalut i Crisi\u00bb de DipSalut orientada a promoure el benestar emocional dels infants i adolescents de la comarca. L&#8217;objectiu \u00e9s facilitar un espai de lleure creatiu i inclusiu orientat a promoure habilitats i valors en el temps lliure i extraescolar.<\/p>\n<p>Aquest programa-pilot vol avaluar l&#8217;experi\u00e8ncia d&#8217;aquest estiu als municipis de Cabanes i Camallera amb la finalitat d&#8217;oferir un recurs estable al llarg del curs escolar als municipis rurals de la comarca.<\/p>\n<p>Podreu seguir les activitats i treballs que generi l&#8217;<a href=\"https:\/\/espaiespiadimonis.wordpress.com\/\">Espai Espiadimonis en aquest enlla\u00e7 al seu blog<\/a>.<\/p>\n","protected":false},"excerpt":{"rendered":"<p>L&#8217;Espai Espiadimonis  \u00e9s una nova iniciativa de la Taula d&#8217;Inclusi\u00f3 que permetr\u00e0 oferir aquest mes de juliol un espai de lleure creatiu per als infants i adolescents dels municipis de Cabanes i Camallera.<\/p>\n","protected":false},"author":3,"featured_media":5399,"comment_status":"closed","ping_status":"closed","sticky":false,"template":"","format":"standard","meta":{"footnotes":""},"categories":[106,33,100,101,105,104,103,1,108,12],"tags":[],"class_list":["post-5398","post","type-post","status-publish","format-standard","has-post-thumbnail","hentry","category-administracions","category-agenda","category-area-benestar","category-ciutadania","category-empreses","category-entitats-socials","category-estudiants-escoles-instituts","category-general","category-mitjans-comunicacio","category-pla-dinclusio-2","category-106","category-33","category-100","category-101","category-105","category-104","category-103","category-1","category-108","category-12","description-off"],"_links":{"self":[{"href":"https:\/\/inclusioaltemporda.cat\/portal\/wp-json\/wp\/v2\/posts\/5398","targetHints":{"allow":["GET"]}}],"collection":[{"href":"https:\/\/inclusioaltemporda.cat\/portal\/wp-json\/wp\/v2\/posts"}],"about":[{"href":"https:\/\/inclusioaltemporda.cat\/portal\/wp-json\/wp\/v2\/types\/post"}],"author":[{"embeddable":true,"href":"https:\/\/inclusioaltemporda.cat\/portal\/wp-json\/wp\/v2\/users\/3"}],"replies":[{"embeddable":true,"href":"https:\/\/inclusioaltemporda.cat\/portal\/wp-json\/wp\/v2\/comments?post=5398"}],"version-history":[{"count":3,"href":"https:\/\/inclusioaltemporda.cat\/portal\/wp-json\/wp\/v2\/posts\/5398\/revisions"}],"predecessor-version":[{"id":5402,"href":"https:\/\/inclusioaltemporda.cat\/portal\/wp-json\/wp\/v2\/posts\/5398\/revisions\/5402"}],"wp:featuredmedia":[{"embeddable":true,"href":"https:\/\/inclusioaltemporda.cat\/portal\/wp-json\/wp\/v2\/media\/5399"}],"wp:attachment":[{"href":"https:\/\/inclusioaltemporda.cat\/portal\/wp-json\/wp\/v2\/media?parent=5398"}],"wp:term":[{"taxonomy":"category","embeddable":true,"href":"https:\/\/inclusioaltemporda.cat\/portal\/wp-json\/wp\/v2\/categories?post=5398"},{"taxonomy":"post_tag","embeddable":true,"href":"https:\/\/inclusioaltemporda.cat\/portal\/wp-json\/wp\/v2\/tags?post=5398"}],"curies":[{"name":"wp","href":"https:\/\/api.w.org\/{rel}","templated":true}]}}