{"id":5404,"date":"2015-07-13T08:14:24","date_gmt":"2015-07-13T07:14:24","guid":{"rendered":"https:\/\/inclusioaltemporda.cat\/portal\/?p=5404"},"modified":"2016-02-01T09:25:24","modified_gmt":"2016-02-01T08:25:24","slug":"realitzades-el-59-de-les-accions-del-pla-dinclusio-2013-2016","status":"publish","type":"post","link":"https:\/\/inclusioaltemporda.cat\/portal\/realitzades-el-59-de-les-accions-del-pla-dinclusio-2013-2016\/","title":{"rendered":"Realitzades el 59% de les accions del Pla d&#8217;Inclusi\u00f3 2013-2016"},"content":{"rendered":"<p>La Comissi\u00f3 de Seguiment del Pla per a la Inclusi\u00f3 i la Cohesi\u00f3 Social de l&#8217;Alt Empord\u00e0 va validar a finals del mes de juny passat el segon informe de seguiment del conjunt de les accions que preveu el Pla.<\/p>\n<p>Aquest informe mostra com al llarg d&#8217;aquest segon any d&#8217;execuci\u00f3 del Pla d&#8217;Inclusi\u00f3, el 59% de les accions ja han estat realitzades, el 8% estan en curs, un 21% estan per iniciar i un 12% s&#8217;han descartat per dificultats organitzatives i pressupost\u00e0ries.<\/p>\n<p>El <a href=\"https:\/\/inclusioaltemporda.cat\/portal\/wp-content\/uploads\/Informe-seguiment-execuci\u00f3-Pla-Inclusi\u00f3_Juny-2015_web.pdf\">segon informe de seguiment del Pla, que podeu consultar en aquest enlla\u00e7<\/a>, mostra quins han estat els resultats assolits dos anys despr\u00e9s d\u2019aprovar-se el Pla. Els resultats s&#8217;ordenen, en primer lloc, segons la temporalitat d\u2019execuci\u00f3 de les accions: curt termini (6 mesos-1 any); mig termini (1-2 anys) i llarg termini (2-3 anys) i, en segon lloc, tamb\u00e9 es presenten per etapa de cicle vital (inf\u00e0ncia, adolesc\u00e8ncia i joventut, edat adulta i gent gran) i territori.<\/p>\n<p>El seguiment i l\u2019avaluaci\u00f3 d\u2019aquest Pla per a la Inclusi\u00f3 es porta a terme mitjan\u00e7ant la Comissi\u00f3 de Seguiment, un espai de treball transversal, interdisciplinar i interadministratiu integrat per un equip format pels t\u00e8cnics de les diferents \u00e0rees del Consell Comarcal implicades en l\u2019execuci\u00f3, seguiment i avaluaci\u00f3 del Pla (\u00c0rea de Benestar, \u00c0rea d\u2019Ensenyament i Cultura, \u00c0rea d\u2019Habitatge, \u00c0rea de Joventut i \u00c0rea de Medi Ambient) aix\u00ed com pels t\u00e8cnics de Benestar i Promoci\u00f3 Econ\u00f2mica dels ajuntaments de Castell\u00f3 d\u2019Emp\u00faries, L\u2019Escala, La Jonquera i Roses.<\/p>\n<p>Les principals funcions de la Comissi\u00f3 de Seguiment s\u00f3n les seg\u00fcents:<\/p>\n<p>1) Vetllar per l\u2019execuci\u00f3 i desenvolupament de les accions que contempla el Pla.<br \/>\n2) Fer el seguiment peri\u00f2dic de les accions del Pla per con\u00e8ixer l\u2019estat d\u2019execuci\u00f3 i els aven\u00e7os assolits.<br \/>\n3) Informar dels resultats assolits pel Pla aix\u00ed com promoure la transpar\u00e8ncia i el rendiment de comptes en relaci\u00f3 a l\u2019execuci\u00f3 de les accions.<\/p>\n","protected":false},"excerpt":{"rendered":"<p>La Comissi\u00f3 de Seguiment del Pla per a la Inclusi\u00f3 i la Cohesi\u00f3 Social de l&#8217;Alt Empord\u00e0 va validar a finals del mes de juny passat el segon informe de seguiment del conjunt de les accions que preveu el Pla.<\/p>\n","protected":false},"author":3,"featured_media":5406,"comment_status":"closed","ping_status":"closed","sticky":false,"template":"","format":"standard","meta":{"footnotes":""},"categories":[106,100,107,101,105,104,1,108,13,12,102,11],"tags":[],"class_list":["post-5404","post","type-post","status-publish","format-standard","has-post-thumbnail","hentry","category-administracions","category-area-benestar","category-centres-recerca-universitats","category-ciutadania","category-empreses","category-entitats-socials","category-general","category-mitjans-comunicacio","category-observatori-inclusio-social-alt-emporda","category-pla-dinclusio-2","category-professionals-ambit-social","category-taula-inclusio","category-106","category-100","category-107","category-101","category-105","category-104","category-1","category-108","category-13","category-12","category-102","category-11","description-off"],"_links":{"self":[{"href":"https:\/\/inclusioaltemporda.cat\/portal\/wp-json\/wp\/v2\/posts\/5404","targetHints":{"allow":["GET"]}}],"collection":[{"href":"https:\/\/inclusioaltemporda.cat\/portal\/wp-json\/wp\/v2\/posts"}],"about":[{"href":"https:\/\/inclusioaltemporda.cat\/portal\/wp-json\/wp\/v2\/types\/post"}],"author":[{"embeddable":true,"href":"https:\/\/inclusioaltemporda.cat\/portal\/wp-json\/wp\/v2\/users\/3"}],"replies":[{"embeddable":true,"href":"https:\/\/inclusioaltemporda.cat\/portal\/wp-json\/wp\/v2\/comments?post=5404"}],"version-history":[{"count":4,"href":"https:\/\/inclusioaltemporda.cat\/portal\/wp-json\/wp\/v2\/posts\/5404\/revisions"}],"predecessor-version":[{"id":5410,"href":"https:\/\/inclusioaltemporda.cat\/portal\/wp-json\/wp\/v2\/posts\/5404\/revisions\/5410"}],"wp:featuredmedia":[{"embeddable":true,"href":"https:\/\/inclusioaltemporda.cat\/portal\/wp-json\/wp\/v2\/media\/5406"}],"wp:attachment":[{"href":"https:\/\/inclusioaltemporda.cat\/portal\/wp-json\/wp\/v2\/media?parent=5404"}],"wp:term":[{"taxonomy":"category","embeddable":true,"href":"https:\/\/inclusioaltemporda.cat\/portal\/wp-json\/wp\/v2\/categories?post=5404"},{"taxonomy":"post_tag","embeddable":true,"href":"https:\/\/inclusioaltemporda.cat\/portal\/wp-json\/wp\/v2\/tags?post=5404"}],"curies":[{"name":"wp","href":"https:\/\/api.w.org\/{rel}","templated":true}]}}