{"id":5416,"date":"2015-07-14T09:17:23","date_gmt":"2015-07-14T08:17:23","guid":{"rendered":"https:\/\/inclusioaltemporda.cat\/portal\/?p=5416"},"modified":"2016-02-01T09:25:24","modified_gmt":"2016-02-01T08:25:24","slug":"opinio-professional-la-importancia-de-la-prevencio-en-lambit-de-la-infancia","status":"publish","type":"post","link":"https:\/\/inclusioaltemporda.cat\/portal\/opinio-professional-la-importancia-de-la-prevencio-en-lambit-de-la-infancia\/","title":{"rendered":"Opini\u00f3 professional: La import\u00e0ncia de la prevenci\u00f3 en l&#8217;\u00e0mbit de la inf\u00e0ncia"},"content":{"rendered":"<p>Aquest mes de juliol l\u2019article que ofereix l\u2019Espai Professional se centra en la import\u00e0ncia de la prevenci\u00f3 en l&#8217;\u00e0mbit de la inf\u00e0ncia. La t\u00e8cnica del servei d&#8217;atenci\u00f3 a la Inf\u00e0ncia, Adolesc\u00e8ncia, Fam\u00edlies i Dona de l&#8217;\u00e0rea de benestar del Consell Comarcal, Meritxell Pom\u00e9s, exposa l&#8217;experi\u00e8ncia de 10 anys de projectes socioeducatius de prevenci\u00f3 di\u00fcrna a la comarca.<\/p>\n<p><a href=\"https:\/\/inclusioaltemporda.cat\/portal\/wp-content\/uploads\/Import\u00e0ncia-prevenci\u00f3-en-\u00e0mbit-inf\u00e0ncia_MeritxellPomes.pdf\">Podeu accedir a la lectura d&#8217;aquest article mitjan\u00e7ant aquest enlla\u00e7<\/a>. Si voleu tamb\u00e9 podeu llegir i compartir altres articles elaborats per professionals que publiquem peri\u00f2dicament en l<a href=\"https:\/\/inclusioaltemporda.cat\/portal\/professionals\/\">&#8216;apartat Opini\u00f3 Professional d&#8217;aquesta web<\/a>.<\/p>\n","protected":false},"excerpt":{"rendered":"<p>Aquest mes de juliol l\u2019article que ofereix l\u2019Espai Professional se centra en la import\u00e0ncia de la prevenci\u00f3 en l&#8217;\u00e0mbit de la inf\u00e0ncia i presenta l&#8217;experi\u00e8ncia de m\u00e9s de 10 anys del projecte socioeducatiu de prevenci\u00f3 di\u00fcrna portat a terme en diversos municipis de la comarca.<\/p>\n","protected":false},"author":3,"featured_media":2710,"comment_status":"closed","ping_status":"closed","sticky":false,"template":"","format":"standard","meta":{"footnotes":""},"categories":[106,100,107,101,105,104,103,1,108,12,102],"tags":[],"class_list":["post-5416","post","type-post","status-publish","format-standard","has-post-thumbnail","hentry","category-administracions","category-area-benestar","category-centres-recerca-universitats","category-ciutadania","category-empreses","category-entitats-socials","category-estudiants-escoles-instituts","category-general","category-mitjans-comunicacio","category-pla-dinclusio-2","category-professionals-ambit-social","category-106","category-100","category-107","category-101","category-105","category-104","category-103","category-1","category-108","category-12","category-102","description-off"],"_links":{"self":[{"href":"https:\/\/inclusioaltemporda.cat\/portal\/wp-json\/wp\/v2\/posts\/5416","targetHints":{"allow":["GET"]}}],"collection":[{"href":"https:\/\/inclusioaltemporda.cat\/portal\/wp-json\/wp\/v2\/posts"}],"about":[{"href":"https:\/\/inclusioaltemporda.cat\/portal\/wp-json\/wp\/v2\/types\/post"}],"author":[{"embeddable":true,"href":"https:\/\/inclusioaltemporda.cat\/portal\/wp-json\/wp\/v2\/users\/3"}],"replies":[{"embeddable":true,"href":"https:\/\/inclusioaltemporda.cat\/portal\/wp-json\/wp\/v2\/comments?post=5416"}],"version-history":[{"count":4,"href":"https:\/\/inclusioaltemporda.cat\/portal\/wp-json\/wp\/v2\/posts\/5416\/revisions"}],"predecessor-version":[{"id":5456,"href":"https:\/\/inclusioaltemporda.cat\/portal\/wp-json\/wp\/v2\/posts\/5416\/revisions\/5456"}],"wp:featuredmedia":[{"embeddable":true,"href":"https:\/\/inclusioaltemporda.cat\/portal\/wp-json\/wp\/v2\/media\/2710"}],"wp:attachment":[{"href":"https:\/\/inclusioaltemporda.cat\/portal\/wp-json\/wp\/v2\/media?parent=5416"}],"wp:term":[{"taxonomy":"category","embeddable":true,"href":"https:\/\/inclusioaltemporda.cat\/portal\/wp-json\/wp\/v2\/categories?post=5416"},{"taxonomy":"post_tag","embeddable":true,"href":"https:\/\/inclusioaltemporda.cat\/portal\/wp-json\/wp\/v2\/tags?post=5416"}],"curies":[{"name":"wp","href":"https:\/\/api.w.org\/{rel}","templated":true}]}}