{"id":5421,"date":"2015-07-22T08:13:19","date_gmt":"2015-07-22T07:13:19","guid":{"rendered":"https:\/\/inclusioaltemporda.cat\/portal\/?p=5421"},"modified":"2016-02-01T09:25:24","modified_gmt":"2016-02-01T08:25:24","slug":"proposta-dactivitats-per-treballar-la-interculturalitat-amb-joves-de-la-fundacio-ser-gi","status":"publish","type":"post","link":"https:\/\/inclusioaltemporda.cat\/portal\/proposta-dactivitats-per-treballar-la-interculturalitat-amb-joves-de-la-fundacio-ser-gi\/","title":{"rendered":"Proposta d&#8217;activitats per treballar la interculturalitat amb joves de la Fundaci\u00f3 Ser.Gi"},"content":{"rendered":"<div class=\"FW_sPregunta FW_sImpacte\">\n<div class=\"FW_sArticleFoto\">\n<div class=\"FW_sEditPro\">\n<p>La<a href=\"http:\/\/www.fundaciosergi.org\/\"> Fundaci\u00f3 Ser.Gi<\/a> ha editat un material per treballar la immigraci\u00f3 i la interculturalitat amb grups d&#8217;adolescents i joves orientat a promoure la inclusi\u00f3 social.<\/p>\n<p>El material, <a href=\"http:\/\/www.fundaciosergi.org\/educacio_intercultural\/index.php\">al qual podeu accedir des d&#8217;aquest enlla\u00e7<\/a>, est\u00e0 orientat a professionals que desenvolupin projectes interculturals amb joves i facilita una s\u00e8rie d&#8217;activitats des del plantejament de situacions quotidianes.<\/p>\n<\/div>\n<div class=\"entry\">\n<p>La Fundaci\u00f3 SER.GI promou programes i activitats per millorar la qualitat de vida dels grups o minories que es troben amb dificultats en el seu desenvolupament personal, familiar o social.Entre les seves prioritats hi ha la implementaci\u00f3 de projectes socioeducatius, la sensibilitzaci\u00f3 de l\u2019opini\u00f3 p\u00fablica, la formaci\u00f3 dels professionals i l\u2019impuls i col\u00b7laboraci\u00f3 amb altres entitats i amb l\u2019administraci\u00f3 p\u00fablica.<\/p>\n<p>Les actuacions que promou aquesta entitat tenen com a objectiu incidir en l\u2019autonomia de les persones, millorar les seves compet\u00e8ncies i habilitats socials. L&#8217;acci\u00f3 de la Fundaci\u00f3 Ser.Gi s&#8217;orienta igualment a reduir les discriminacions i les desigualtats socials i educatives.<\/p>\n<\/div>\n<p>La Fundaci\u00f3 Ser.Gi \u00e9s una entitat gironina que desplega projectes en col\u00b7laboraci\u00f3 amb el Consell Comarcal a l&#8217;Alt Empord\u00e0 i participa a la Taula d&#8217;Inclusi\u00f3 de l&#8217;Alt Empord\u00e0.<\/p>\n<\/div>\n<\/div>\n","protected":false},"excerpt":{"rendered":"<p>La Fundaci\u00f3 Ser.Gi ha editat un material per treballar la immigraci\u00f3 i la interculturalitat amb grups d&#8217;adolescents i joves orientat a promoure la inclusi\u00f3 social<\/p>\n","protected":false},"author":3,"featured_media":1553,"comment_status":"closed","ping_status":"closed","sticky":false,"template":"","format":"standard","meta":{"footnotes":""},"categories":[106,100,101,105,104,103,1,108,102],"tags":[],"class_list":["post-5421","post","type-post","status-publish","format-standard","has-post-thumbnail","hentry","category-administracions","category-area-benestar","category-ciutadania","category-empreses","category-entitats-socials","category-estudiants-escoles-instituts","category-general","category-mitjans-comunicacio","category-professionals-ambit-social","category-106","category-100","category-101","category-105","category-104","category-103","category-1","category-108","category-102","description-off"],"_links":{"self":[{"href":"https:\/\/inclusioaltemporda.cat\/portal\/wp-json\/wp\/v2\/posts\/5421","targetHints":{"allow":["GET"]}}],"collection":[{"href":"https:\/\/inclusioaltemporda.cat\/portal\/wp-json\/wp\/v2\/posts"}],"about":[{"href":"https:\/\/inclusioaltemporda.cat\/portal\/wp-json\/wp\/v2\/types\/post"}],"author":[{"embeddable":true,"href":"https:\/\/inclusioaltemporda.cat\/portal\/wp-json\/wp\/v2\/users\/3"}],"replies":[{"embeddable":true,"href":"https:\/\/inclusioaltemporda.cat\/portal\/wp-json\/wp\/v2\/comments?post=5421"}],"version-history":[{"count":3,"href":"https:\/\/inclusioaltemporda.cat\/portal\/wp-json\/wp\/v2\/posts\/5421\/revisions"}],"predecessor-version":[{"id":5424,"href":"https:\/\/inclusioaltemporda.cat\/portal\/wp-json\/wp\/v2\/posts\/5421\/revisions\/5424"}],"wp:featuredmedia":[{"embeddable":true,"href":"https:\/\/inclusioaltemporda.cat\/portal\/wp-json\/wp\/v2\/media\/1553"}],"wp:attachment":[{"href":"https:\/\/inclusioaltemporda.cat\/portal\/wp-json\/wp\/v2\/media?parent=5421"}],"wp:term":[{"taxonomy":"category","embeddable":true,"href":"https:\/\/inclusioaltemporda.cat\/portal\/wp-json\/wp\/v2\/categories?post=5421"},{"taxonomy":"post_tag","embeddable":true,"href":"https:\/\/inclusioaltemporda.cat\/portal\/wp-json\/wp\/v2\/tags?post=5421"}],"curies":[{"name":"wp","href":"https:\/\/api.w.org\/{rel}","templated":true}]}}