{"id":5446,"date":"2015-08-04T05:00:37","date_gmt":"2015-08-04T04:00:37","guid":{"rendered":"https:\/\/inclusioaltemporda.cat\/portal\/?p=5446"},"modified":"2016-02-01T09:25:24","modified_gmt":"2016-02-01T08:25:24","slug":"lespai-espiadimonis-finalitza-la-seva-activitat-destiu-als-municipis-de-cabanes-i-camallera","status":"publish","type":"post","link":"https:\/\/inclusioaltemporda.cat\/portal\/lespai-espiadimonis-finalitza-la-seva-activitat-destiu-als-municipis-de-cabanes-i-camallera\/","title":{"rendered":"L&#8217;Espai Espiadimonis finalitza la seva activitat d&#8217;estiu als municipis de Cabanes i Camallera"},"content":{"rendered":"<p>La darrera setmana de juliol l&#8217;Espai Espiadimonis ha finalitzat la seva activitat d&#8217;estiu als municipis de Cabanes i Camallera en les quals han participat un total de 40 infants.<\/p>\n<p>Aquesta iniciativa, resultat del treball en xarxa promogut pel Pla d&#8217;Inclusi\u00f3 de l&#8217;Alt Empord\u00e0 amb les entitats KSAMEU, la FAPAC-Alt Empord\u00e0 i la Fundaci\u00f3 Esplai Girona, ha facilitat als infants i adolescents de 6 a 14 anys un espai on fomentar el descobriment i l&#8217;aprenentatge mitjan\u00e7ant el joc i la creaci\u00f3 art\u00edstica.<\/p>\n<p>L&#8217;Espai Espiadimonis ha estat definit com un programa-pilot que s&#8217;ha definit i finan\u00e7at en el marc d&#8217;una de les l\u00ednies del programa \u00abSalut i Crisi\u00bb de DipSalut orientada a promoure el benestar emocional dels infants i adolescents de la comarca, ha tingut com a objectiu facilitar un lleure creatiu i inclusiu orientat a promoure habilitats per a la vida i valors en el temps lliure i extraescolar.<\/p>\n<p>Aquest mes de juliol l&#8217;Espai Espiadimonis ha proposat un viatge pels continents a trav\u00e9s dels elements b\u00e0sics de la natura, s&#8217;han descobert activitats creatives i s&#8217;han treballat habilitats, noves experi\u00e8ncies i aprenentatges, compartint valors de ciutadania i h\u00e0bits saludables, fent un \u00fas creatiu i segur de les noves tecnologies i fent xarxa comunit\u00e0ria amb les fam\u00edlies i el poble.<\/p>\n<p>L&#8217;experi\u00e8ncia-pilot est\u00e0 essent avaluada a partir dels q\u00fcestionaris de valoraci\u00f3 que han omplert els infants i les fam\u00edlies i les sessions de treball amb els professionals i ajuntaments que es faran en el decurs de les properes setmanes.<\/p>\n<p>El Pla d&#8217;Inclusi\u00f3 de l&#8217;Alt Empord\u00e0 promogut per l&#8217;\u00e0rea de Benestar del Consell Comarcal proposar\u00e0 als ajuntaments dels municipis rurals de la comarca oferir un recurs estable al llarg del curs escolar on aquesta oferta \u00e9s pr\u00e0cticament inexistent, i oferir\u00e0 suport t\u00e8cnic per elaborar els projectes.<\/p>\n","protected":false},"excerpt":{"rendered":"<p>La darrera setmana de juliol l&#8217;Espai Espiadimonis ha finalitzat la seva activitat d&#8217;estiu als municipis de Cabanes i Camallera en les quals han participat un total de 40 infants<\/p>\n","protected":false},"author":3,"featured_media":5447,"comment_status":"closed","ping_status":"closed","sticky":false,"template":"","format":"standard","meta":{"footnotes":""},"categories":[106,100,101,104,1,108,12,11],"tags":[],"class_list":["post-5446","post","type-post","status-publish","format-standard","has-post-thumbnail","hentry","category-administracions","category-area-benestar","category-ciutadania","category-entitats-socials","category-general","category-mitjans-comunicacio","category-pla-dinclusio-2","category-taula-inclusio","category-106","category-100","category-101","category-104","category-1","category-108","category-12","category-11","description-off"],"_links":{"self":[{"href":"https:\/\/inclusioaltemporda.cat\/portal\/wp-json\/wp\/v2\/posts\/5446","targetHints":{"allow":["GET"]}}],"collection":[{"href":"https:\/\/inclusioaltemporda.cat\/portal\/wp-json\/wp\/v2\/posts"}],"about":[{"href":"https:\/\/inclusioaltemporda.cat\/portal\/wp-json\/wp\/v2\/types\/post"}],"author":[{"embeddable":true,"href":"https:\/\/inclusioaltemporda.cat\/portal\/wp-json\/wp\/v2\/users\/3"}],"replies":[{"embeddable":true,"href":"https:\/\/inclusioaltemporda.cat\/portal\/wp-json\/wp\/v2\/comments?post=5446"}],"version-history":[{"count":3,"href":"https:\/\/inclusioaltemporda.cat\/portal\/wp-json\/wp\/v2\/posts\/5446\/revisions"}],"predecessor-version":[{"id":5454,"href":"https:\/\/inclusioaltemporda.cat\/portal\/wp-json\/wp\/v2\/posts\/5446\/revisions\/5454"}],"wp:featuredmedia":[{"embeddable":true,"href":"https:\/\/inclusioaltemporda.cat\/portal\/wp-json\/wp\/v2\/media\/5447"}],"wp:attachment":[{"href":"https:\/\/inclusioaltemporda.cat\/portal\/wp-json\/wp\/v2\/media?parent=5446"}],"wp:term":[{"taxonomy":"category","embeddable":true,"href":"https:\/\/inclusioaltemporda.cat\/portal\/wp-json\/wp\/v2\/categories?post=5446"},{"taxonomy":"post_tag","embeddable":true,"href":"https:\/\/inclusioaltemporda.cat\/portal\/wp-json\/wp\/v2\/tags?post=5446"}],"curies":[{"name":"wp","href":"https:\/\/api.w.org\/{rel}","templated":true}]}}