{"id":5457,"date":"2015-09-16T11:27:21","date_gmt":"2015-09-16T10:27:21","guid":{"rendered":"https:\/\/inclusioaltemporda.cat\/portal\/?p=5457"},"modified":"2016-02-01T09:25:23","modified_gmt":"2016-02-01T08:25:23","slug":"opinio-professional-la-preservacio-familiar-ampliant-la-mirada-en-la-intervencio-amb-families","status":"publish","type":"post","link":"https:\/\/inclusioaltemporda.cat\/portal\/opinio-professional-la-preservacio-familiar-ampliant-la-mirada-en-la-intervencio-amb-families\/","title":{"rendered":"Opini\u00f3 professional: La preservaci\u00f3 familiar, ampliant la mirada en la intervenci\u00f3 amb fam\u00edlies"},"content":{"rendered":"<p>Aquest mes de setembre l\u2019article que ofereix l\u2019Espai Professional neix del proc\u00e9s de reflexi\u00f3 posterior a la participaci\u00f3 en un seminari impartit per la catedr\u00e0tica de psicologia evolutiva i de l&#8217;educaci\u00f3 Ma Jos\u00e9 Rodrigo de la Universitat de La Laguna de Tenerife sobre el treball amb fam\u00edlies en situacions de risc psicosocial des de l&#8217;enfocament de la parentalitat positiva, de Meritxell Pom\u00e8s, t\u00e8cnica d&#8217;inf\u00e0ncia, i Luci Alvarado, educadora social dels serveis b\u00e0sics d&#8217;atenci\u00f3 social del Consell Comarcal de l&#8217;Alt Empord\u00e0<\/p>\n<p><a href=\"https:\/\/inclusioaltemporda.cat\/portal\/wp-content\/uploads\/Article-Preservacio-Familiar.pdf\">Podeu accedir a la lectura d&#8217;aquest article mitjan\u00e7ant aquest enlla\u00e7<\/a>. Si voleu tamb\u00e9 podeu llegir i compartir altres articles elaborats per professionals que publiquem peri\u00f2dicament en l<a href=\"https:\/\/inclusioaltemporda.cat\/portal\/professionals\/\">&#8216;apartat Opini\u00f3 Professional d&#8217;aquesta web<\/a>.<\/p>\n","protected":false},"excerpt":{"rendered":"<p>Aquest mes de setembre l\u2019article que ofereix l\u2019Espai Professional neix del proc\u00e9s de reflexi\u00f3 posterior a la participaci\u00f3 en un seminari sobre el treball amb fam\u00edlies en situacions de risc psicosocial des de l&#8217;enfocament de la parentalitat positiva.<\/p>\n","protected":false},"author":2,"featured_media":2435,"comment_status":"closed","ping_status":"closed","sticky":false,"template":"","format":"standard","meta":{"footnotes":""},"categories":[100,107,104,103,1,108,102],"tags":[],"class_list":["post-5457","post","type-post","status-publish","format-standard","has-post-thumbnail","hentry","category-area-benestar","category-centres-recerca-universitats","category-entitats-socials","category-estudiants-escoles-instituts","category-general","category-mitjans-comunicacio","category-professionals-ambit-social","category-100","category-107","category-104","category-103","category-1","category-108","category-102","description-off"],"_links":{"self":[{"href":"https:\/\/inclusioaltemporda.cat\/portal\/wp-json\/wp\/v2\/posts\/5457","targetHints":{"allow":["GET"]}}],"collection":[{"href":"https:\/\/inclusioaltemporda.cat\/portal\/wp-json\/wp\/v2\/posts"}],"about":[{"href":"https:\/\/inclusioaltemporda.cat\/portal\/wp-json\/wp\/v2\/types\/post"}],"author":[{"embeddable":true,"href":"https:\/\/inclusioaltemporda.cat\/portal\/wp-json\/wp\/v2\/users\/2"}],"replies":[{"embeddable":true,"href":"https:\/\/inclusioaltemporda.cat\/portal\/wp-json\/wp\/v2\/comments?post=5457"}],"version-history":[{"count":5,"href":"https:\/\/inclusioaltemporda.cat\/portal\/wp-json\/wp\/v2\/posts\/5457\/revisions"}],"predecessor-version":[{"id":5467,"href":"https:\/\/inclusioaltemporda.cat\/portal\/wp-json\/wp\/v2\/posts\/5457\/revisions\/5467"}],"wp:featuredmedia":[{"embeddable":true,"href":"https:\/\/inclusioaltemporda.cat\/portal\/wp-json\/wp\/v2\/media\/2435"}],"wp:attachment":[{"href":"https:\/\/inclusioaltemporda.cat\/portal\/wp-json\/wp\/v2\/media?parent=5457"}],"wp:term":[{"taxonomy":"category","embeddable":true,"href":"https:\/\/inclusioaltemporda.cat\/portal\/wp-json\/wp\/v2\/categories?post=5457"},{"taxonomy":"post_tag","embeddable":true,"href":"https:\/\/inclusioaltemporda.cat\/portal\/wp-json\/wp\/v2\/tags?post=5457"}],"curies":[{"name":"wp","href":"https:\/\/api.w.org\/{rel}","templated":true}]}}