{"id":5487,"date":"2015-10-14T13:52:32","date_gmt":"2015-10-14T12:52:32","guid":{"rendered":"https:\/\/inclusioaltemporda.cat\/portal\/?p=5487"},"modified":"2016-02-01T09:25:23","modified_gmt":"2016-02-01T08:25:23","slug":"lliurament-del-premi-dinclusio-social-2015-al-grup-desports-nautics-de-roses","status":"publish","type":"post","link":"https:\/\/inclusioaltemporda.cat\/portal\/lliurament-del-premi-dinclusio-social-2015-al-grup-desports-nautics-de-roses\/","title":{"rendered":"Lliurament del Premi d&#8217;Inclusi\u00f3 Social 2015 al Grup d&#8217;Esports N\u00e0utics de Roses"},"content":{"rendered":"<p>El passat divendres, 9 d&#8217;octubre, el president del Consell Comarcal de l&#8217;Alt Empord\u00e0, Ferran Roquer, va lliurar al Grup d&#8217;Esports N\u00e0utics (GEN) de Roses el Premi d&#8217;Inclusi\u00f3 Social 2015. L&#8217;acte tamb\u00e9 el va presidir l&#8217;alcaldessa de Roses, Montse Mindan, i va comptar amb la pres\u00e8ncia de diversos consellers comarcals, regidors de l&#8217;Ajuntament i t\u00e8cnics de l&#8217;\u00e0rea de Benestar aix\u00ed com representants de l&#8217;entitat guanyadora, encap\u00e7alats pel seu President, Josep Maria Isern.<\/p>\n<p>El ple del Consell Comarcal de l\u2019Alt Empord\u00e0 va aprovar, el passat mes de juny, atorgar el Premi Inclusi\u00f3 Social 2015 al projecte \u201cTothom pot navegar\u201d. Es tracta d&#8217;una iniciativa d\u2019acci\u00f3 social que promou el Grup d\u2019Esports N\u00e0utics de Roses que t\u00e9 com a objectiu combatre l\u2019exclusi\u00f3 social mitjan\u00e7ant l\u2019aprenentatge d\u2019esports n\u00e0utics i h\u00e0bits de vida saludables entre els infants, joves i adults del municipi i dels seu entorn.<\/p>\n<p>El projecte vol facilitar oportunitats d\u2019aprenentatge de l\u2019esport de vela i millorar el benestar emocional i social de persones m\u00e9s vulnerables que s\u00f3n ateses per institucions, entitats socials i associacions, tant si es troben en situaci\u00f3 o risc d&#8217;exclusi\u00f3 social com si tenen discapacitats. El jurat dels Premis Inclusi\u00f3 Social 2015 va valorar especialment l\u2019orientaci\u00f3 inclusiva del projecte \u201cTothom pot navegar\u201d, la perspectiva de g\u00e8nere, la metodologia de treball proposada i la xarxa d\u2019agents del municipi de Roses que participen en la seva implementaci\u00f3.<\/p>\n<p>El premi Inclusi\u00f3 Social 2015 dotat amb 6.000 euros permetr\u00e0 que al llarg d\u2019un any diferents col\u00b7lectius participin en les accions programades: bateigs de vela i iniciaci\u00f3 als esports n\u00e0utics, tallers tem\u00e0tics i jornades de navegaci\u00f3, regates i esdeveniments solidaris aix\u00ed com a la formaci\u00f3 de futurs t\u00e8cnics de vela. El perfil del p\u00fablic beneficiari i el sector a qui va dirigit el projecte \u00e9s molt ampli, amb atenci\u00f3 transversal a tots els col\u00b7lectius m\u00e9s vulnerables de la societat ja que la vela \u00e9s un esport sense fronteres i iguala diferents col\u00b7lectius. El GEN s&#8217;ha fixat com a objectiu d&#8217;aquest curs la participaci\u00f3 de 400 persones en el projecte.<\/p>\n<p>Els \u00e0mbits dels beneficiaris s\u00f3n els seg\u00fcents:<\/p>\n<p>&#8211; Persones amb discapacitats f\u00edsiques, ps\u00edquiques i sensorials.<\/p>\n<p>&#8211; Persones amb desavantatge social, en situaci\u00f3 o risc d&#8217;exclusi\u00f3 social (joves i infants amb dificultats especials, infants amb trastorns en el desenvolupament o amb risc de patir-los, joves tutelats o ex-tutelats per l&#8217;administraci\u00f3 p\u00fablica, immigrants, persones sense recursos, fam\u00edlies amb nens en situaci\u00f3 de vulnerabilitat, dones que pateixen o han patit viol\u00e8ncia de g\u00e8nere, extoxic\u00f2mans i exreclusos, persones amb malalties avan\u00e7ades o de llarga durada i tercera edat i persones grans).<\/p>\n<p>Altres objectius espec\u00edfics del projecte se sintetitzen en aquests punts:<\/p>\n<p>&#8211; Afavorir que els alumnes amb discapacitat o desavantatge social tinguin una continu\u00eftat en els esports n\u00e0utics, de manera que assoleixin el nivell de navegaci\u00f3 \u00f2ptim i de seguretat que els permeti navegar amb total autonomia.<\/p>\n<p>&#8211; Formar personal especialitzat i voluntaris per a un servei de qualitat en l&#8217;oferta d&#8217;esport adaptat.<\/p>\n<p>-Oferir el GEN i les seves activitats com a eina de treball als centres d&#8217;ensenyament especial. &#8211; Integrar social i laboralment a joves en unitat d&#8217;adaptaci\u00f3 curricular i persones en desavantatge social.<\/p>\n<p>&#8211; Millorar la pr\u00f2pia autoestima dels beneficiaris.<\/p>\n<p>&nbsp;<\/p>\n<p>TERCERA EDICI\u00d3 DEL PREMI<\/p>\n<p>El Concurs de Projectes d\u2019Inclusi\u00f3 Social a l\u2019Alt Empord\u00e0 t\u00e9 com a objectiu fer emergir iniciatives innovadores en l\u2019\u00e0mbit de la inclusi\u00f3 i la cohesi\u00f3 social i finan\u00e7ar projectes en el territori. Aquest premi, que s\u2019emmarca en el Pla d\u2019Inclusi\u00f3 i Cohesi\u00f3 Social de l\u2019Alt Empord\u00e0, tamb\u00e9 t\u00e9 com a finalitat millorar les condicions de vida de la poblaci\u00f3 de la comarca i refor\u00e7ar la cohesi\u00f3 social. Les bases del concurs assenyalen que poden participar-hi persones f\u00edsiques, entitats sense \u00e0nim de lucre, associacions, petites i mitjanes empreses i equips o centres de recerca d\u2019universitats, que presentin projectes d\u2019inclusi\u00f3 social a desenvolupar a la comarca de l\u2019Alt Empord\u00e0 en municipis de fins a 20.000 habitants. En els premis es valoren especialment aquells projectes amb perspectiva de g\u00e8nere orientats a promoure la inclusi\u00f3 social d\u2019infants, adolescents, joves i les seves fam\u00edlies, i gent gran. Els \u00e0mbits d\u2019aplicaci\u00f3 preferent en qu\u00e8 es podran definir els projectes d\u2019inclusi\u00f3 social seran el formatiu i laboral, el residencial-habitatge, el relacional (xarxes de suport i treball amb la comunitat), i el de la ciutadania\/poblaci\u00f3 origen immigrant.<\/p>\n<p>En la primera edici\u00f3 es va recon\u00e8ixer la proposta d\u2019emprenedoria social \u201cLa Cuina, cooperativisme a foc lent\u201d. El projecte dut a terme durant l&#8217;any passat va consistir en assolir l\u2019objectiu de promoure l\u2019acci\u00f3 comunit\u00e0ria i l\u2019economia social i cooperativa per fer front a la precarietat de les economies dom\u00e8stiques, l\u2019atur de llarga durada i els efectes de la crisi en determinats sectors vulnerables de la societat en el municipi de Sant Pere Pescador. L\u2019experi\u00e8ncia en el municipi ha afavorit la creaci\u00f3 d\u2019un espai de treball.<\/p>\n<p>Per altra banda tamb\u00e9 es va atorgar un acc\u00e8ssit al projecte \u201cEl Tamariu-Projecte laboral Reciclatge de Paper\u201d, presentat per l\u2019Associaci\u00f3 Tamariu de Castell\u00f3 d\u2019Emp\u00faries, que va desenvolupar aquest projecte d\u2019integraci\u00f3 sociolaboral amb joves amb discapacitat intel\u00b7lectual a la comarca de l\u2019Alt Empord\u00e0 al llarg de tot l&#8217;any passat. La segona convocat\u00f2ria no va ser tan reeixida i el jurat va decidir declarar desert el Premi Inclusi\u00f3 Alt Empord\u00e0 2014. A parer dels seus membres, els projectes presentats no complien suficientment els requisits establerts a les bases. Atesa aquesta circumst\u00e0ncia es va acordar avan\u00e7ar la convocat\u00f2ria del Premi 2015 per al mes de febrer.<\/p>\n","protected":false},"excerpt":{"rendered":"<p>L&#8217;entitat rosinca ha estat guardonada amb el Premi Inclusi\u00f3 social Alt Empord\u00e0 2015 pel projecte &#8220;Tothom pot Navegar&#8221;<\/p>\n","protected":false},"author":2,"featured_media":5488,"comment_status":"closed","ping_status":"closed","sticky":false,"template":"","format":"standard","meta":{"footnotes":""},"categories":[106,100,107,101,105,104,103,1,108,12,11],"tags":[],"class_list":["post-5487","post","type-post","status-publish","format-standard","has-post-thumbnail","hentry","category-administracions","category-area-benestar","category-centres-recerca-universitats","category-ciutadania","category-empreses","category-entitats-socials","category-estudiants-escoles-instituts","category-general","category-mitjans-comunicacio","category-pla-dinclusio-2","category-taula-inclusio","category-106","category-100","category-107","category-101","category-105","category-104","category-103","category-1","category-108","category-12","category-11","description-off"],"_links":{"self":[{"href":"https:\/\/inclusioaltemporda.cat\/portal\/wp-json\/wp\/v2\/posts\/5487","targetHints":{"allow":["GET"]}}],"collection":[{"href":"https:\/\/inclusioaltemporda.cat\/portal\/wp-json\/wp\/v2\/posts"}],"about":[{"href":"https:\/\/inclusioaltemporda.cat\/portal\/wp-json\/wp\/v2\/types\/post"}],"author":[{"embeddable":true,"href":"https:\/\/inclusioaltemporda.cat\/portal\/wp-json\/wp\/v2\/users\/2"}],"replies":[{"embeddable":true,"href":"https:\/\/inclusioaltemporda.cat\/portal\/wp-json\/wp\/v2\/comments?post=5487"}],"version-history":[{"count":3,"href":"https:\/\/inclusioaltemporda.cat\/portal\/wp-json\/wp\/v2\/posts\/5487\/revisions"}],"predecessor-version":[{"id":5491,"href":"https:\/\/inclusioaltemporda.cat\/portal\/wp-json\/wp\/v2\/posts\/5487\/revisions\/5491"}],"wp:featuredmedia":[{"embeddable":true,"href":"https:\/\/inclusioaltemporda.cat\/portal\/wp-json\/wp\/v2\/media\/5488"}],"wp:attachment":[{"href":"https:\/\/inclusioaltemporda.cat\/portal\/wp-json\/wp\/v2\/media?parent=5487"}],"wp:term":[{"taxonomy":"category","embeddable":true,"href":"https:\/\/inclusioaltemporda.cat\/portal\/wp-json\/wp\/v2\/categories?post=5487"},{"taxonomy":"post_tag","embeddable":true,"href":"https:\/\/inclusioaltemporda.cat\/portal\/wp-json\/wp\/v2\/tags?post=5487"}],"curies":[{"name":"wp","href":"https:\/\/api.w.org\/{rel}","templated":true}]}}