{"id":5503,"date":"2015-10-21T11:27:32","date_gmt":"2015-10-21T10:27:32","guid":{"rendered":"https:\/\/inclusioaltemporda.cat\/portal\/?p=5503"},"modified":"2016-02-01T09:25:23","modified_gmt":"2016-02-01T08:25:23","slug":"el-consell-comarcal-organitza-cinc-curos-de-formacio-per-obtenir-el-certificat-dacollida","status":"publish","type":"post","link":"https:\/\/inclusioaltemporda.cat\/portal\/el-consell-comarcal-organitza-cinc-curos-de-formacio-per-obtenir-el-certificat-dacollida\/","title":{"rendered":"El Consell Comarcal organitza cinc cursos de formaci\u00f3 per obtenir el certificat d&#8217;acollida"},"content":{"rendered":"<p>Sant Pere Pescador, Castell\u00f3 d&#8217;Emp\u00faries, l&#8217;Escala, Roses i la Jonquera s\u00f3n els cinc municipis de l&#8217;Alt Empord\u00e0 que s&#8217;han escollit per organitzar, al llarg de les properes setmanes, els cursos de formaci\u00f3 per obtenir el Certificat d&#8217;Acollida, una iniciativa pionera a Catalunya.<\/p>\n<p>El Consell Comarcal de l&#8217;Alt Empord\u00e0 com a responsable de la gesti\u00f3 del Pla comarcal de Ciutadania i Immigraci\u00f3, ha rebut l&#8217;enc\u00e0rrec de la Direcci\u00f3 General per a la Immigraci\u00f3 de portar a terme un projecte pilot del curs de formaci\u00f3 per obtenir el Certificat d&#8217;Acollida per aquelles persones nouvingudes que ho necessitin, d&#8217;acord amb el que estableix el nou Reglament d&#8217;Acollida de la Generalitat de Catalunya.<\/p>\n<p>Per poder obtenir el certificat d&#8217;acollida cal acreditar la participaci\u00f3 en tres m\u00f2duls de formaci\u00f3: un m\u00f2dul (A) de catal\u00e0 i castell\u00e0 amb un m\u00ednim de 90 hores de formaci\u00f3 en cadascuna de les dues lleng\u00fces oficials, un m\u00f2dul (B) sobre coneixements laborals amb una durada m\u00ednima de 15 hores i un tercer m\u00f2dul (C) sobre coneixement de la societat catalana i del seu marc jur\u00eddic d&#8217;un m\u00ednim de 15 hores.<\/p>\n<p>El curs d&#8217;acollida al municipi de Sant Pere Pescador va comen\u00e7ar aquest dilluns amb la participaci\u00f3 de 28 alumnes. Durant el propers dos mesos el Consell Comarcal organitzar\u00e0 la formaci\u00f3 dels m\u00f2duls B i C en tres municipis m\u00e9s de la comarca (Castell\u00f3 d&#8217;Emp\u00faries, l&#8217;Escala i Roses), i tamb\u00e9 est\u00e0 prevista la seva celebraci\u00f3 a La Jonquera, en una data encara per determinar. El m\u00f2duls A l&#8217;ofereix el Consorci de Normalitzaci\u00f3 Ling\u00fc\u00edstica (CNL) a partir de la seva oferta habitual de cursos de catal\u00e0.<\/p>\n<p>&nbsp;<\/p>\n<p>PROPERS CURSOS<\/p>\n<p>Les dates dels propers cursos i els horaris d&#8217;inscripci\u00f3 que ja estan programats s\u00f3n les seg\u00fcents:<\/p>\n<p>&nbsp;<\/p>\n<p>Castell\u00f3 d&#8217;Emp\u00faries<\/p>\n<p>Curs del 2 al 13 de novembre, de 9h a 12h<\/p>\n<p>Inscripcions: 27 d&#8217;octubre de 9 a 13h, a l&#8217;Edifici de Serveis. Sector Puigmal, s\/n \u2013 Empuriabrava<\/p>\n<p>&nbsp;<\/p>\n<p>L&#8217;Escala<\/p>\n<p>Curs del 30 de novembre al 14 de desembre de 9h a 12h<\/p>\n<p>Inscripcions: 23 de novembre de 9 a 13h, a les oficines dels Serveis Socials del municipi. Pla\u00e7a de les escoles, s\/n \u2013 1er pis<\/p>\n<p>&nbsp;<\/p>\n<p>Roses<\/p>\n<p>Curs del 16 al 27 de novembre, de 9h a 12h<\/p>\n<p>Inscripcions: 9 i 13 de novembre, de 10 a 12h, a les oficines dels Serveis Socials municipals. C\/ Tarragona, 83 (Casa del Mar)<\/p>\n","protected":false},"excerpt":{"rendered":"<p>Formen part d&#8217;un projecte pilot de formaci\u00f3, que a partir de l&#8217;any vinent s&#8217;estendr\u00e0 a la resta de Catalunya<\/p>\n","protected":false},"author":2,"featured_media":1371,"comment_status":"closed","ping_status":"closed","sticky":false,"template":"","format":"standard","meta":{"footnotes":""},"categories":[106,33,100,101,105,104,103,1,108],"tags":[],"class_list":["post-5503","post","type-post","status-publish","format-standard","has-post-thumbnail","hentry","category-administracions","category-agenda","category-area-benestar","category-ciutadania","category-empreses","category-entitats-socials","category-estudiants-escoles-instituts","category-general","category-mitjans-comunicacio","category-106","category-33","category-100","category-101","category-105","category-104","category-103","category-1","category-108","description-off"],"_links":{"self":[{"href":"https:\/\/inclusioaltemporda.cat\/portal\/wp-json\/wp\/v2\/posts\/5503","targetHints":{"allow":["GET"]}}],"collection":[{"href":"https:\/\/inclusioaltemporda.cat\/portal\/wp-json\/wp\/v2\/posts"}],"about":[{"href":"https:\/\/inclusioaltemporda.cat\/portal\/wp-json\/wp\/v2\/types\/post"}],"author":[{"embeddable":true,"href":"https:\/\/inclusioaltemporda.cat\/portal\/wp-json\/wp\/v2\/users\/2"}],"replies":[{"embeddable":true,"href":"https:\/\/inclusioaltemporda.cat\/portal\/wp-json\/wp\/v2\/comments?post=5503"}],"version-history":[{"count":5,"href":"https:\/\/inclusioaltemporda.cat\/portal\/wp-json\/wp\/v2\/posts\/5503\/revisions"}],"predecessor-version":[{"id":5509,"href":"https:\/\/inclusioaltemporda.cat\/portal\/wp-json\/wp\/v2\/posts\/5503\/revisions\/5509"}],"wp:featuredmedia":[{"embeddable":true,"href":"https:\/\/inclusioaltemporda.cat\/portal\/wp-json\/wp\/v2\/media\/1371"}],"wp:attachment":[{"href":"https:\/\/inclusioaltemporda.cat\/portal\/wp-json\/wp\/v2\/media?parent=5503"}],"wp:term":[{"taxonomy":"category","embeddable":true,"href":"https:\/\/inclusioaltemporda.cat\/portal\/wp-json\/wp\/v2\/categories?post=5503"},{"taxonomy":"post_tag","embeddable":true,"href":"https:\/\/inclusioaltemporda.cat\/portal\/wp-json\/wp\/v2\/tags?post=5503"}],"curies":[{"name":"wp","href":"https:\/\/api.w.org\/{rel}","templated":true}]}}