{"id":5523,"date":"2015-11-12T09:14:22","date_gmt":"2015-11-12T08:14:22","guid":{"rendered":"https:\/\/inclusioaltemporda.cat\/portal\/?p=5523"},"modified":"2016-02-01T09:25:23","modified_gmt":"2016-02-01T08:25:23","slug":"lequip-de-leaia-alt-emporda-participa-en-les-iv-jornades-2015-families-grups-i-comunitat-de-la-marina","status":"publish","type":"post","link":"https:\/\/inclusioaltemporda.cat\/portal\/lequip-de-leaia-alt-emporda-participa-en-les-iv-jornades-2015-families-grups-i-comunitat-de-la-marina\/","title":{"rendered":"L&#8217;equip de l&#8217;EAIA Alt Empord\u00e0 participa en les IV Jornades 2015 Fam\u00edlies, grups i comunitat de La Marina"},"content":{"rendered":"<p>L&#8217;equip d&#8217;intervenci\u00f3 de l&#8217;Equip d&#8217;Atenci\u00f3 a la Inf\u00e0ncia i l&#8217;Adolesc\u00e8ncia de l&#8217;Alt Empord\u00e0 (EAIA) participar\u00e0 el proper 20 de novembre en les IV Jornades 2015 Fam\u00edlies, grups i comunitat que organitza la Taula d&#8217;Inf\u00e0ncia, Adolesc\u00e8ncia i Fam\u00edlia de La Marina (districte Sants-Montju\u00efc) a Barcelona.<\/p>\n<p>L&#8217;educadora social de l&#8217;EAIA Alt Empord\u00e0,\u00a0 Judit Juventench, l&#8217;educadora social del CRAE Albera, Marta Riera, i la <em>coach<\/em> experta en la metodologia <em>Family group conference<\/em>, Martina Erpenbek, presentaran l&#8217;experi\u00e8ncia &#8220;<em>L&#8217;infant convoca a la tribu<\/em>&#8221; portada a terme fa uns mesos al CRAE l&#8217;Albera en un cas de retorn de les funcions tutelars a una mare de 4 menors.<\/p>\n<p>Aquesta experi\u00e8ncia, pionera a Catalunya, es donar\u00e0 a con\u00e8ixer en el marc d&#8217;aquesta jornada a d&#8217;altres professionals, al mateix temps que es coneixeran d&#8217;altres iniciatives innovadores adre\u00e7ades a infants, adolescents i fam\u00edlies en el territori.<\/p>\n<p>Si teniu inter\u00e8s a participar en aquestes jornades, podeu<a href=\"http:\/\/tiaflm.blogspot.com.es\/p\/iv-jornades-tiaf-la-marina.html\"> consultar el programa i fer la inscripci\u00f3 en aquest enlla\u00e7<\/a>.<\/p>\n","protected":false},"excerpt":{"rendered":"<p>L&#8217;equip d&#8217;intervenci\u00f3 de l&#8217;Equip d&#8217;Atenci\u00f3 a la Inf\u00e0ncia i l&#8217;Adolesc\u00e8ncia de l&#8217;Alt Empord\u00e0 (EAIA) participar\u00e0 el proper 20 de novembre en les IV Jornades 2015 Fam\u00edlies, grups i comunitat que organitza la Taula d&#8217;Inf\u00e0ncia, Adolesc\u00e8ncia i Fam\u00edlia de La Marina a Barcelona.<\/p>\n","protected":false},"author":3,"featured_media":5524,"comment_status":"closed","ping_status":"closed","sticky":false,"template":"","format":"standard","meta":{"footnotes":""},"categories":[106,100,107,1,102],"tags":[],"class_list":["post-5523","post","type-post","status-publish","format-standard","has-post-thumbnail","hentry","category-administracions","category-area-benestar","category-centres-recerca-universitats","category-general","category-professionals-ambit-social","category-106","category-100","category-107","category-1","category-102","description-off"],"_links":{"self":[{"href":"https:\/\/inclusioaltemporda.cat\/portal\/wp-json\/wp\/v2\/posts\/5523","targetHints":{"allow":["GET"]}}],"collection":[{"href":"https:\/\/inclusioaltemporda.cat\/portal\/wp-json\/wp\/v2\/posts"}],"about":[{"href":"https:\/\/inclusioaltemporda.cat\/portal\/wp-json\/wp\/v2\/types\/post"}],"author":[{"embeddable":true,"href":"https:\/\/inclusioaltemporda.cat\/portal\/wp-json\/wp\/v2\/users\/3"}],"replies":[{"embeddable":true,"href":"https:\/\/inclusioaltemporda.cat\/portal\/wp-json\/wp\/v2\/comments?post=5523"}],"version-history":[{"count":1,"href":"https:\/\/inclusioaltemporda.cat\/portal\/wp-json\/wp\/v2\/posts\/5523\/revisions"}],"predecessor-version":[{"id":5525,"href":"https:\/\/inclusioaltemporda.cat\/portal\/wp-json\/wp\/v2\/posts\/5523\/revisions\/5525"}],"wp:featuredmedia":[{"embeddable":true,"href":"https:\/\/inclusioaltemporda.cat\/portal\/wp-json\/wp\/v2\/media\/5524"}],"wp:attachment":[{"href":"https:\/\/inclusioaltemporda.cat\/portal\/wp-json\/wp\/v2\/media?parent=5523"}],"wp:term":[{"taxonomy":"category","embeddable":true,"href":"https:\/\/inclusioaltemporda.cat\/portal\/wp-json\/wp\/v2\/categories?post=5523"},{"taxonomy":"post_tag","embeddable":true,"href":"https:\/\/inclusioaltemporda.cat\/portal\/wp-json\/wp\/v2\/tags?post=5523"}],"curies":[{"name":"wp","href":"https:\/\/api.w.org\/{rel}","templated":true}]}}