{"id":5526,"date":"2015-11-23T08:00:28","date_gmt":"2015-11-23T07:00:28","guid":{"rendered":"https:\/\/inclusioaltemporda.cat\/portal\/?p=5526"},"modified":"2016-02-01T09:25:23","modified_gmt":"2016-02-01T08:25:23","slug":"informe-social-2014-de-la-taula-inclusio","status":"publish","type":"post","link":"https:\/\/inclusioaltemporda.cat\/portal\/informe-social-2014-de-la-taula-inclusio\/","title":{"rendered":"Informe social 2014 de la Taula Inclusi\u00f3"},"content":{"rendered":"<p>La Taula per a la Inclusi\u00f3 i la Cohesi\u00f3 Social de l&#8217;Alt Empord\u00e0 i l&#8217;Observatori d&#8217;Inclusi\u00f3 de l&#8217;Alt Empord\u00e0 han elaborat el quart Informe Social de l&#8217;Alt Empord\u00e0 que recull dades de context i atenci\u00f3 del sector social de la comarca de l&#8217;exercici 2014. L&#8217;Informe respon a la voluntat de les entitats socials i de l&#8217;administraci\u00f3 comarcal de facilitar informaci\u00f3 peri\u00f2dica de l&#8217;evoluci\u00f3 de la realitat social de la comarca i al comprom\u00eds de compartir informaci\u00f3 sobre el territori.<\/p>\n<p>Aquest quart informe recull dades globals de l&#8217;any 2014 referides a l&#8217;evoluci\u00f3 del context econ\u00f2mic, laboral i social a la comarca i dades referides a l&#8217;activitat de les entitats socials i l&#8217;\u00c0rea de Benestar del Consell Comarcal. Al llarg de l&#8217;any 2014 es van registrar prop de 21.000 persones ateses a la comarca en l&#8217;\u00e0mbit de l&#8217;atenci\u00f3 social, dada resultant de l&#8217;activitat del Consell Comarcal i de 9 entitats de la comarca: Associaci\u00f3 de malalts d&#8217;Alzheimer i Fam\u00edlia (AMA), C\u00e0ritas de l&#8217;Alt Empord\u00e0, Creu Roja Figueres, Federaci\u00f3 d&#8217;associacions de mares i pares de Catalunya (FAPAC), Fundaci\u00f3 privada Sant Vicen\u00e7 de Pa\u00fcl (Ksameu), Fundaci\u00f3 Roses contra el c\u00e0ncer, Fundaci\u00f3 SER.GI, Fundaci\u00f3 Tutelar de l&#8217;Empord\u00e0 i ONG Tallers.<\/p>\n<p>L&#8217;Informe Social, que es publica amb una periodicitat anual, presenta dades concretes dels diferents \u00e0mbits d&#8217;inclusi\u00f3 social (econ\u00f2mic, laboral, formatiu, salut, habitatge, relacional i ciutad\u00e0) que posen en relaci\u00f3 l&#8217;activitat duta a terme per l&#8217;administraci\u00f3 comarcal, les entitats socials del territori i els principals indicadors de context en cada \u00e0mbit.<\/p>\n<p>Podeu consultar l&#8217;Informe Social 2014 en <a href=\"https:\/\/inclusioaltemporda.cat\/portal\/wp-content\/uploads\/Informe-social-20141.pdf\" target=\"_blank\">aquest enlla\u00e7<\/a> i la resta d&#8217;informes publicats a l&#8217;espai web de l&#8217;<a href=\"https:\/\/inclusioaltemporda.cat\/portal\/observatori\/\">Observatori d&#8217;Inclusi\u00f3 social de l&#8217;Alt Empord\u00e0<\/a>.<\/p>\n<p>&nbsp;<\/p>\n<p>&nbsp;<\/p>\n","protected":false},"excerpt":{"rendered":"<p>La Taula i l&#8217;Observatori d&#8217;Inclusi\u00f3 de l&#8217;Alt Empord\u00e0 han elaborat el quart Informe Social de l&#8217;Alt Empord\u00e0 que recull dades del sector social de la comarca corresponents a l&#8217;any 2014<\/p>\n","protected":false},"author":2,"featured_media":2451,"comment_status":"closed","ping_status":"closed","sticky":false,"template":"","format":"standard","meta":{"footnotes":""},"categories":[106,100,107,101,104,103,1,108,13,12,102,11],"tags":[],"class_list":["post-5526","post","type-post","status-publish","format-standard","has-post-thumbnail","hentry","category-administracions","category-area-benestar","category-centres-recerca-universitats","category-ciutadania","category-entitats-socials","category-estudiants-escoles-instituts","category-general","category-mitjans-comunicacio","category-observatori-inclusio-social-alt-emporda","category-pla-dinclusio-2","category-professionals-ambit-social","category-taula-inclusio","category-106","category-100","category-107","category-101","category-104","category-103","category-1","category-108","category-13","category-12","category-102","category-11","description-off"],"_links":{"self":[{"href":"https:\/\/inclusioaltemporda.cat\/portal\/wp-json\/wp\/v2\/posts\/5526","targetHints":{"allow":["GET"]}}],"collection":[{"href":"https:\/\/inclusioaltemporda.cat\/portal\/wp-json\/wp\/v2\/posts"}],"about":[{"href":"https:\/\/inclusioaltemporda.cat\/portal\/wp-json\/wp\/v2\/types\/post"}],"author":[{"embeddable":true,"href":"https:\/\/inclusioaltemporda.cat\/portal\/wp-json\/wp\/v2\/users\/2"}],"replies":[{"embeddable":true,"href":"https:\/\/inclusioaltemporda.cat\/portal\/wp-json\/wp\/v2\/comments?post=5526"}],"version-history":[{"count":5,"href":"https:\/\/inclusioaltemporda.cat\/portal\/wp-json\/wp\/v2\/posts\/5526\/revisions"}],"predecessor-version":[{"id":5533,"href":"https:\/\/inclusioaltemporda.cat\/portal\/wp-json\/wp\/v2\/posts\/5526\/revisions\/5533"}],"wp:featuredmedia":[{"embeddable":true,"href":"https:\/\/inclusioaltemporda.cat\/portal\/wp-json\/wp\/v2\/media\/2451"}],"wp:attachment":[{"href":"https:\/\/inclusioaltemporda.cat\/portal\/wp-json\/wp\/v2\/media?parent=5526"}],"wp:term":[{"taxonomy":"category","embeddable":true,"href":"https:\/\/inclusioaltemporda.cat\/portal\/wp-json\/wp\/v2\/categories?post=5526"},{"taxonomy":"post_tag","embeddable":true,"href":"https:\/\/inclusioaltemporda.cat\/portal\/wp-json\/wp\/v2\/tags?post=5526"}],"curies":[{"name":"wp","href":"https:\/\/api.w.org\/{rel}","templated":true}]}}