{"id":5556,"date":"2015-11-24T10:01:00","date_gmt":"2015-11-24T09:01:00","guid":{"rendered":"https:\/\/inclusioaltemporda.cat\/portal\/?p=5556"},"modified":"2016-02-01T09:25:22","modified_gmt":"2016-02-01T08:25:22","slug":"xerrada-sobre-violencia-domestica-a-llanca-pel-25n","status":"publish","type":"post","link":"https:\/\/inclusioaltemporda.cat\/portal\/xerrada-sobre-violencia-domestica-a-llanca-pel-25n\/","title":{"rendered":"Xerrada sobre viol\u00e8ncia dom\u00e8stica a Llan\u00e7a pel 25N"},"content":{"rendered":"<p>El 25 de novembre \u00e9s el Dia Internacional de l&#8217;eliminaci\u00f3 de la viol\u00e8ncia contra la dona, data escollida per Nacions Unides en qu\u00e8 es commemora l&#8217;assassinat l&#8217;any 1960 de les germanes Mirabal, activistes pol\u00edtiques de la Rep\u00fablica Dominicana per ordre del dictador Rafael Trujillo.<\/p>\n<p>Aquesta commemoraci\u00f3 d&#8217;acord amb la <a href=\"http:\/\/www.un.org\/es\/events\/endviolenceday\/\">declaraci\u00f3 de les Nacions Unides recorda a tot el m\u00f3n<\/a>:<\/p>\n<p>&#8211; La viol\u00e8ncia contra la dona \u00e9s una violaci\u00f3 dels drets humans.<\/p>\n<p>&#8211; La viol\u00e8ncia contra la dona \u00e9s conseq\u00fc\u00e8ncia de la discriminaci\u00f3 que pateix, tant en les lleis com en la pr\u00e0ctica.<\/p>\n<p>&#8211; La viol\u00e8ncia contra la dona afecta i impedeix l&#8217;aven\u00e7 en diferents \u00e0mbits, inclosa l&#8217;eradicaci\u00f3 de la pobresa, la lluita contra el VIH\/SIDA i la pau i la seguretat.<\/p>\n<p>&#8211; La viol\u00e8ncia contra les dones i les nenes es pot evitar. La prevenci\u00f3 \u00e9s possible i essencial.<\/p>\n<p>&#8211; La viol\u00e8ncia contra la dona segueix essent una pand\u00e8mia global. Fins a un 70% de les dones del m\u00f3n pateixen viol\u00e8ncia a la seva vida.<\/p>\n<p>Amb motiu del 25N l&#8217;Ajuntament de Llan\u00e7a organitza el mateix dimecres un <a href=\"https:\/\/inclusioaltemporda.cat\/portal\/wp-content\/uploads\/25-N-200607.jpg\" target=\"_blank\">acte de commemoraci\u00f3<\/a> que es celebrar\u00e0 a partir de les 19h a la sala de confer\u00e8ncies de la Casa de Cultura (Pl. Major, s\/n). Aquest, comptar\u00e0 amb la lectura del <a href=\"http:\/\/dones.gencat.cat\/web\/.content\/04_temes\/docs\/manifest25n.pdf\" target=\"_blank\">manifest institucional<\/a> a c\u00e0rrec d&#8217;Anna Ma Pujol Llosa, amb la xerrada sobre Viol\u00e8ncia dom\u00e8stica per part de Meritxell Pom\u00e9s Juncosa, pedagogoa i educadora social responsable del SIAD del Consell Comarcal, i finalitzar\u00e0 amb la lectura de microrelats sobre viol\u00e8ncia de g\u00e8nere a c\u00e0rrec d&#8217;alumnes de l&#8217;Institut de Llan\u00e7\u00e0.<\/p>\n<p>Enguany la commemoraci\u00f3 del Dia Internacional per a l&#8217;Eliminaci\u00f3 de la Viol\u00e8ncia envers les dones s&#8217;emmarca en el lema\u00a0&#8220;Constru\u00efm una Catalunya lliure de viol\u00e8ncia masclista&#8221;. Podeu consultar m\u00e9s informaci\u00f3 sobre les activitats de commemoraci\u00f3 impulsades per l&#8217;Institut catal\u00e0 de les dones en aquest <a href=\"http:\/\/dones.gencat.cat\/ca\/temes\/violencia_masclista\/dia_internacional\/\" target=\"_blank\">enlla\u00e7<\/a>.<\/p>\n<p>&nbsp;<\/p>\n","protected":false},"excerpt":{"rendered":"<p>L&#8217;Ajuntament de Llan\u00e7a organitza aquesta xerrada en el marc dels actes de commemoraci\u00f3 del Dia Internacional de l&#8217;eliminaci\u00f3 de la viol\u00e8ncia contra la dona al municipi<\/p>\n","protected":false},"author":2,"featured_media":2378,"comment_status":"closed","ping_status":"closed","sticky":false,"template":"","format":"standard","meta":{"footnotes":""},"categories":[106,33,100,101,104,103,1,108],"tags":[],"class_list":["post-5556","post","type-post","status-publish","format-standard","has-post-thumbnail","hentry","category-administracions","category-agenda","category-area-benestar","category-ciutadania","category-entitats-socials","category-estudiants-escoles-instituts","category-general","category-mitjans-comunicacio","category-106","category-33","category-100","category-101","category-104","category-103","category-1","category-108","description-off"],"_links":{"self":[{"href":"https:\/\/inclusioaltemporda.cat\/portal\/wp-json\/wp\/v2\/posts\/5556","targetHints":{"allow":["GET"]}}],"collection":[{"href":"https:\/\/inclusioaltemporda.cat\/portal\/wp-json\/wp\/v2\/posts"}],"about":[{"href":"https:\/\/inclusioaltemporda.cat\/portal\/wp-json\/wp\/v2\/types\/post"}],"author":[{"embeddable":true,"href":"https:\/\/inclusioaltemporda.cat\/portal\/wp-json\/wp\/v2\/users\/2"}],"replies":[{"embeddable":true,"href":"https:\/\/inclusioaltemporda.cat\/portal\/wp-json\/wp\/v2\/comments?post=5556"}],"version-history":[{"count":2,"href":"https:\/\/inclusioaltemporda.cat\/portal\/wp-json\/wp\/v2\/posts\/5556\/revisions"}],"predecessor-version":[{"id":5560,"href":"https:\/\/inclusioaltemporda.cat\/portal\/wp-json\/wp\/v2\/posts\/5556\/revisions\/5560"}],"wp:featuredmedia":[{"embeddable":true,"href":"https:\/\/inclusioaltemporda.cat\/portal\/wp-json\/wp\/v2\/media\/2378"}],"wp:attachment":[{"href":"https:\/\/inclusioaltemporda.cat\/portal\/wp-json\/wp\/v2\/media?parent=5556"}],"wp:term":[{"taxonomy":"category","embeddable":true,"href":"https:\/\/inclusioaltemporda.cat\/portal\/wp-json\/wp\/v2\/categories?post=5556"},{"taxonomy":"post_tag","embeddable":true,"href":"https:\/\/inclusioaltemporda.cat\/portal\/wp-json\/wp\/v2\/tags?post=5556"}],"curies":[{"name":"wp","href":"https:\/\/api.w.org\/{rel}","templated":true}]}}