{"id":5627,"date":"2015-12-02T08:41:45","date_gmt":"2015-12-02T07:41:45","guid":{"rendered":"https:\/\/inclusioaltemporda.cat\/portal\/?p=5627"},"modified":"2016-02-01T09:25:22","modified_gmt":"2016-02-01T08:25:22","slug":"obertes-les-inscripcions-per-al-projecte-okupalt-2016","status":"publish","type":"post","link":"https:\/\/inclusioaltemporda.cat\/portal\/obertes-les-inscripcions-per-al-projecte-okupalt-2016\/","title":{"rendered":"Obertes les inscripcions per al projecte Okup&#8217;Alt 2016"},"content":{"rendered":"<p>L\u2019\u00e0rea de Joventut del Consell Comarcal de l\u2019Alt Empord\u00e0 ha obert les inscripcions de la cinquena edici\u00f3 del <a href=\"http:\/\/www.altemporda.org\/portal\/images\/noticies\/2015\/cartell_okupalt.jpg\" target=\"_blank\">Projecte Okup&#8217;Alt 2016<\/a>, de formaci\u00f3 professionalitzadora, adre\u00e7at a tots els joves de 16 a 24 anys que tinguin inter\u00e8s en aprendre un ofici i cercar feina.<\/p>\n<p>El projecte, com a cada edici\u00f3, tindr\u00e0 el suport de tots els t\u00e8cnics de joventut compartits del territori que faran el seguiment als joves, comptar\u00e0 tamb\u00e9 amb l\u2019assessorament de professionals de diferents sectors econ\u00f2mics de la comarca, juntament amb els responsables de la formaci\u00f3 i d\u2019oferir pr\u00e0ctiques en aquests oficis, que seran formadors i educadors especialitzats en els tres oficis que s\u2019ofereixen en aquesta nova convocat\u00f2ria.<\/p>\n<p>El curs es portar\u00e0 a terme del 18 de gener al 15 d\u2019abril de l\u2019any vinent i es proposa realitzar tasques relacionades amb el sector agr\u00edcola (treballs forestals), amb el sector de la construcci\u00f3 (manteniment) i amb el sector de la imatge i l\u2019est\u00e8tica personal (perruqueria). Les tasques que es realitzaran estaran relacionades amb els oficis de forestal i jardiner (treballs forestals i de jardineria en diferents espais p\u00fablics), manteniment i pintura (pintura, lampisteria i altres pr\u00e0ctiques amb l&#8217;objectiu d&#8217;arranjar equipaments municipals i comarcals) i com a novetat s&#8217;introdueix perruqueria i imatge personal (pr\u00e0ctica i treball de diferents t\u00e8cniques de perruqueria, d&#8217;est\u00e8tica i d&#8217;imatge).<\/p>\n<p>Els participants s&#8217;hauran de comprometre a complir les condicions que proposa el projecte i a canvi rebran formaci\u00f3 gratu\u00efta amb el corresponent certificat acreditatiu. A trav\u00e9s de l&#8217;Okup&#8217;Alt tamb\u00e9 es treballaran t\u00e8cniques per estar preparat a l&#8217;hora de trobar feina (elaboraci\u00f3 de curr\u00edculums, cartes de presentaci\u00f3 i preparaci\u00f3 d&#8217;entrevistes, entre altres). Tamb\u00e9 es realitzaran visites i entrevistes a empreses col\u00b7laboradores de la comarca. Per a m\u00e9s informaci\u00f3 us podeu adre\u00e7ar a l&#8217;Oficina Jove de l&#8217;Alt Empord\u00e0 (c\/Anicet de Pag\u00e8s, 2 de Figueres; Telf. 972.67.37.28; @ joventut@altemporda.cat)<\/p>\n<p>El termini per formalitzar les inscripcions acaba el 23 de desembre i es pot realitzar a l\u2019Oficina Jove de l\u2019Alt Empord\u00e0 o a les \u00e0rees de Joventut de cada municipi.<\/p>\n","protected":false},"excerpt":{"rendered":"<p>El projecte s&#8217;adre\u00e7a a joves de 16 a 24 anys interessats en aprendre un ofici i cercar feina<\/p>\n","protected":false},"author":2,"featured_media":3936,"comment_status":"closed","ping_status":"closed","sticky":false,"template":"","format":"standard","meta":{"footnotes":""},"categories":[106,101,105,103,1,108,12,102],"tags":[],"class_list":["post-5627","post","type-post","status-publish","format-standard","has-post-thumbnail","hentry","category-administracions","category-ciutadania","category-empreses","category-estudiants-escoles-instituts","category-general","category-mitjans-comunicacio","category-pla-dinclusio-2","category-professionals-ambit-social","category-106","category-101","category-105","category-103","category-1","category-108","category-12","category-102","description-off"],"_links":{"self":[{"href":"https:\/\/inclusioaltemporda.cat\/portal\/wp-json\/wp\/v2\/posts\/5627","targetHints":{"allow":["GET"]}}],"collection":[{"href":"https:\/\/inclusioaltemporda.cat\/portal\/wp-json\/wp\/v2\/posts"}],"about":[{"href":"https:\/\/inclusioaltemporda.cat\/portal\/wp-json\/wp\/v2\/types\/post"}],"author":[{"embeddable":true,"href":"https:\/\/inclusioaltemporda.cat\/portal\/wp-json\/wp\/v2\/users\/2"}],"replies":[{"embeddable":true,"href":"https:\/\/inclusioaltemporda.cat\/portal\/wp-json\/wp\/v2\/comments?post=5627"}],"version-history":[{"count":1,"href":"https:\/\/inclusioaltemporda.cat\/portal\/wp-json\/wp\/v2\/posts\/5627\/revisions"}],"predecessor-version":[{"id":5628,"href":"https:\/\/inclusioaltemporda.cat\/portal\/wp-json\/wp\/v2\/posts\/5627\/revisions\/5628"}],"wp:featuredmedia":[{"embeddable":true,"href":"https:\/\/inclusioaltemporda.cat\/portal\/wp-json\/wp\/v2\/media\/3936"}],"wp:attachment":[{"href":"https:\/\/inclusioaltemporda.cat\/portal\/wp-json\/wp\/v2\/media?parent=5627"}],"wp:term":[{"taxonomy":"category","embeddable":true,"href":"https:\/\/inclusioaltemporda.cat\/portal\/wp-json\/wp\/v2\/categories?post=5627"},{"taxonomy":"post_tag","embeddable":true,"href":"https:\/\/inclusioaltemporda.cat\/portal\/wp-json\/wp\/v2\/tags?post=5627"}],"curies":[{"name":"wp","href":"https:\/\/api.w.org\/{rel}","templated":true}]}}