{"id":5634,"date":"2015-12-09T12:57:06","date_gmt":"2015-12-09T11:57:06","guid":{"rendered":"https:\/\/inclusioaltemporda.cat\/portal\/?p=5634"},"modified":"2016-02-01T09:25:22","modified_gmt":"2016-02-01T08:25:22","slug":"jornada-transfronterera-de-professionals-de-lambit-social-a-figueres","status":"publish","type":"post","link":"https:\/\/inclusioaltemporda.cat\/portal\/jornada-transfronterera-de-professionals-de-lambit-social-a-figueres\/","title":{"rendered":"Jornada transfronterera de professionals de l&#8217;\u00e0mbit social a Figueres"},"content":{"rendered":"<p>L\u2019\u00e0rea de Benestar del Consell Comarcal ha organitzat fa pocs dies a Figueres, conjuntament amb l\u2019<a href=\"http:\/\/www.irts-lr.fr\/irts-lr-perpignan.html\"><em>Institut R\u00e9gional du Travail Social de Perpignan<\/em> (IRTS)<\/a>, una jornada de treball transfronterera de professionals de l&#8217;\u00e0mbit de la intervenci\u00f3 social, en el marc d&#8217;un projecte de cooperaci\u00f3 promogut per aquestes dues institucions que compta amb el suport financer del programa de subvencions pluriennals <em>Eurodistricte<\/em>, de la Generalitat de Catalunya i el Conseil G\u00e9n\u00e9ral des Pyrinees Orientales.<\/p>\n<p>L&#8217;obertura de la jornada va anar a c\u00e0rrec del director de la Casa de la Generalitat a Perpiny\u00e0, Josep Puigbert, del conseller comarcal de l&#8217;\u00e0rea de Benestar, \u00c0lex Hernandez, de la directora t\u00e8cnica de l&#8217;\u00e0rea de Benestar, Rosa Guix\u00e9 i de la directora de l&#8217;IRTS, Brigitte Mortier.<\/p>\n<p>Al llarg de la jornada m\u00e9s de 40 professionals de diferents administracions locals de la comarca i del sud de Fran\u00e7a aix\u00ed com entitats socials d&#8217;ambd\u00f3s territoris van treballar en quatre comissions (inf\u00e0ncia i fam\u00edlies en risc, persones grans dependents, migrants transfronterers i extra-comunitaris i joves). El treball es va orientar a identificar perfils de risc, els agents socials i la xarxa de treball aix\u00ed com el marc normatiu i els serveis que operen en cada pa\u00eds. Igualment, en aquests grups de treball es van assenyalar els espais d&#8217;oportunitat per a la cooperaci\u00f3 transfronterera.<\/p>\n<p>En el marc d\u2019aquest projecte, iniciat aquesta tardor i que es tancar\u00e0 el proper mes de juny, el soci franc\u00e8s dinamitza les sessions de treball entre els professionals d&#8217;ambd\u00f3s costats de la frontera i l\u2019\u00e0rea de Benestar porta a terme un diagn\u00f2stic social del territori transfronterer que facilitar\u00e0 informaci\u00f3 i coneixement sobre la realitat social aix\u00ed com eines per a la cooperaci\u00f3 en mat\u00e8ria d&#8217;intervenci\u00f3 social.<\/p>\n<p>Si teniu inter\u00e8s a con\u00e8ixer m\u00e9s a fons aquest projecte, ho podeu fer accedint a la<a href=\"https:\/\/inclusioaltemporda.cat\/portal\/cooperacio-transfronterera-3\/\"> informaci\u00f3 que peri\u00f2dicament es publica en aquest enlla\u00e7<\/a>.<\/p>\n","protected":false},"excerpt":{"rendered":"<p>L\u2019\u00e0rea de Benestar del Consell Comarcal ha organitzat a Figueres,  amb l\u2019Institut R\u00e9gional du Travail Social de Perpignan (IRTS), una jornada de treball transfronterera de professionals de l&#8217;\u00e0mbit de la intervenci\u00f3 social.<\/p>\n","protected":false},"author":3,"featured_media":5635,"comment_status":"closed","ping_status":"closed","sticky":false,"template":"","format":"standard","meta":{"footnotes":""},"categories":[106,100,107,105,104,1,108,13,102,115],"tags":[],"class_list":["post-5634","post","type-post","status-publish","format-standard","has-post-thumbnail","hentry","category-administracions","category-area-benestar","category-centres-recerca-universitats","category-empreses","category-entitats-socials","category-general","category-mitjans-comunicacio","category-observatori-inclusio-social-alt-emporda","category-professionals-ambit-social","category-projectes-transfronterers","category-106","category-100","category-107","category-105","category-104","category-1","category-108","category-13","category-102","category-115","description-off"],"_links":{"self":[{"href":"https:\/\/inclusioaltemporda.cat\/portal\/wp-json\/wp\/v2\/posts\/5634","targetHints":{"allow":["GET"]}}],"collection":[{"href":"https:\/\/inclusioaltemporda.cat\/portal\/wp-json\/wp\/v2\/posts"}],"about":[{"href":"https:\/\/inclusioaltemporda.cat\/portal\/wp-json\/wp\/v2\/types\/post"}],"author":[{"embeddable":true,"href":"https:\/\/inclusioaltemporda.cat\/portal\/wp-json\/wp\/v2\/users\/3"}],"replies":[{"embeddable":true,"href":"https:\/\/inclusioaltemporda.cat\/portal\/wp-json\/wp\/v2\/comments?post=5634"}],"version-history":[{"count":6,"href":"https:\/\/inclusioaltemporda.cat\/portal\/wp-json\/wp\/v2\/posts\/5634\/revisions"}],"predecessor-version":[{"id":5641,"href":"https:\/\/inclusioaltemporda.cat\/portal\/wp-json\/wp\/v2\/posts\/5634\/revisions\/5641"}],"wp:featuredmedia":[{"embeddable":true,"href":"https:\/\/inclusioaltemporda.cat\/portal\/wp-json\/wp\/v2\/media\/5635"}],"wp:attachment":[{"href":"https:\/\/inclusioaltemporda.cat\/portal\/wp-json\/wp\/v2\/media?parent=5634"}],"wp:term":[{"taxonomy":"category","embeddable":true,"href":"https:\/\/inclusioaltemporda.cat\/portal\/wp-json\/wp\/v2\/categories?post=5634"},{"taxonomy":"post_tag","embeddable":true,"href":"https:\/\/inclusioaltemporda.cat\/portal\/wp-json\/wp\/v2\/tags?post=5634"}],"curies":[{"name":"wp","href":"https:\/\/api.w.org\/{rel}","templated":true}]}}