{"id":5649,"date":"2015-12-15T12:11:03","date_gmt":"2015-12-15T11:11:03","guid":{"rendered":"https:\/\/inclusioaltemporda.cat\/portal\/?p=5649"},"modified":"2016-02-01T09:25:22","modified_gmt":"2016-02-01T08:25:22","slug":"convocatoria-de-la-borses-de-treball-de-treballadora-social-i-deducadora-social-2","status":"publish","type":"post","link":"https:\/\/inclusioaltemporda.cat\/portal\/convocatoria-de-la-borses-de-treball-de-treballadora-social-i-deducadora-social-2\/","title":{"rendered":"Convocat\u00f2ria de la borses de treball de Treballador\/a social i d&#8217;Educador\/a social"},"content":{"rendered":"<p>El Consell Comarcal de l&#8217;Alt Empord\u00e0 ha obert la convocat\u00f2ria per a la creaci\u00f3 de dues borses de treball en les categories de treballador\/a social i educador\/a social.<\/p>\n<p>Les <a href=\"http:\/\/www.altemporda.org\/portal\/attachments\/article\/1955\/DOC091215-09122015095734.pdf\" target=\"_blank\">bases <\/a>aprovades el passat 17 de novembre de 2014 regulen el proc\u00e9s selectiu per a la creaci\u00f3 de dues borses de treball per cobrir, de forma temporal, amb car\u00e0cter urgent i inajornable les possibles vacants que esdevinguin en les categories d&#8217;educador\/a social i treballador\/a social.<\/p>\n<p>Podeu consultar la convocat\u00f2ria en la que s&#8217;espec\u00edfica els sistema de selecci\u00f3 i les caracter\u00edstiques de les places, aix\u00ed com el contingut del concurs-oposici\u00f3 i el temari general i espec\u00edfic de les proves, en <a href=\"http:\/\/www.altemporda.org\/portal\/recursoshumans1\/convocatoria-borsa-de-treball\/1955-ofertes-treball-i-formacio-b126-10-16\" target=\"_blank\">aquest enlla\u00e7<\/a>.<\/p>\n<p>La convocat\u00f2ria de les dues borses de treball estar\u00e0 oberta fins el dia 17 de desembre.<\/p>\n","protected":false},"excerpt":{"rendered":"<p>El Consell Comarcal de l&#8217;Alt Empord\u00e0 ha obert la convocat\u00f2ria per a la creaci\u00f3 de dues borses de treball en les categories de treballador\/a social i educador\/a social<\/p>\n","protected":false},"author":2,"featured_media":3257,"comment_status":"closed","ping_status":"closed","sticky":false,"template":"","format":"standard","meta":{"footnotes":""},"categories":[106,100,101,103,1,108,102],"tags":[],"class_list":["post-5649","post","type-post","status-publish","format-standard","has-post-thumbnail","hentry","category-administracions","category-area-benestar","category-ciutadania","category-estudiants-escoles-instituts","category-general","category-mitjans-comunicacio","category-professionals-ambit-social","category-106","category-100","category-101","category-103","category-1","category-108","category-102","description-off"],"_links":{"self":[{"href":"https:\/\/inclusioaltemporda.cat\/portal\/wp-json\/wp\/v2\/posts\/5649","targetHints":{"allow":["GET"]}}],"collection":[{"href":"https:\/\/inclusioaltemporda.cat\/portal\/wp-json\/wp\/v2\/posts"}],"about":[{"href":"https:\/\/inclusioaltemporda.cat\/portal\/wp-json\/wp\/v2\/types\/post"}],"author":[{"embeddable":true,"href":"https:\/\/inclusioaltemporda.cat\/portal\/wp-json\/wp\/v2\/users\/2"}],"replies":[{"embeddable":true,"href":"https:\/\/inclusioaltemporda.cat\/portal\/wp-json\/wp\/v2\/comments?post=5649"}],"version-history":[{"count":2,"href":"https:\/\/inclusioaltemporda.cat\/portal\/wp-json\/wp\/v2\/posts\/5649\/revisions"}],"predecessor-version":[{"id":5651,"href":"https:\/\/inclusioaltemporda.cat\/portal\/wp-json\/wp\/v2\/posts\/5649\/revisions\/5651"}],"wp:featuredmedia":[{"embeddable":true,"href":"https:\/\/inclusioaltemporda.cat\/portal\/wp-json\/wp\/v2\/media\/3257"}],"wp:attachment":[{"href":"https:\/\/inclusioaltemporda.cat\/portal\/wp-json\/wp\/v2\/media?parent=5649"}],"wp:term":[{"taxonomy":"category","embeddable":true,"href":"https:\/\/inclusioaltemporda.cat\/portal\/wp-json\/wp\/v2\/categories?post=5649"},{"taxonomy":"post_tag","embeddable":true,"href":"https:\/\/inclusioaltemporda.cat\/portal\/wp-json\/wp\/v2\/tags?post=5649"}],"curies":[{"name":"wp","href":"https:\/\/api.w.org\/{rel}","templated":true}]}}