{"id":5665,"date":"2016-01-19T09:06:25","date_gmt":"2016-01-19T08:06:25","guid":{"rendered":"https:\/\/inclusioaltemporda.cat\/portal\/?p=5665"},"modified":"2016-02-01T09:25:22","modified_gmt":"2016-02-01T08:25:22","slug":"35-joves-rebran-formacio-en-oficis-i-faran-practiques-en-el-marc-del-programa-okupalt-2016","status":"publish","type":"post","link":"https:\/\/inclusioaltemporda.cat\/portal\/35-joves-rebran-formacio-en-oficis-i-faran-practiques-en-el-marc-del-programa-okupalt-2016\/","title":{"rendered":"35 joves rebran formaci\u00f3 en oficis i faran pr\u00e0ctiques en el marc del programa Okup&#8217;Alt"},"content":{"rendered":"<p>Aquest dilluns s&#8217;ha iniciat la sisena edici\u00f3 del projecte Okup\u2019Alt, una iniciativa que es coordina des de l&#8217;\u00e0rea de Joventut del Consell Comarcal adre\u00e7ada als joves de l&#8217;Alt Empord\u00e0, d\u2019entre 16 i 24 anys, per tal d\u2019oferir formaci\u00f3 gratu\u00efta en diversos oficis. En aquesta edici\u00f3, en concret, la formaci\u00f3 que s\u2019ofereix als 35 joves que han estat seleccionats est\u00e0 relacionada amb tres tem\u00e0tiques (tasques forestals, manteniment i perruqueria) i rep finan\u00e7ament a trav\u00e9s del Servei d&#8217;Ocupaci\u00f3 de Catalunya (SOC).<\/p>\n<p>El projecte, com a cada edici\u00f3, t\u00e9 el suport de tots els t\u00e8cnics de joventut compartits del territori que faran el seguiment als joves, compta tamb\u00e9 amb l\u2019assessorament de professionals de diferents sectors econ\u00f2mics de la comarca, juntament amb els responsables de la formaci\u00f3 i d\u2019oferir pr\u00e0ctiques en aquests oficis, que seran formadors i educadors especialitzats en els tres oficis que s\u2019ofereixen en aquesta nova convocat\u00f2ria.<\/p>\n<p>El curs es portar\u00e0 a terme fins al 15 d\u2019abril de l\u2019any vinent i es realitzaran tasques relacionades amb els oficis de forestal i jardiner (treballs forestals i de jardineria en diferents espais p\u00fablics), manteniment i pintura (pintura, lampisteria i altres pr\u00e0ctiques amb l&#8217;objectiu d&#8217;arranjar equipaments municipals i comarcals) i com a novetat s&#8217;introdueix perruqueria i imatge personal (pr\u00e0ctica i treball de diferents t\u00e8cniques de perruqueria, d&#8217;est\u00e8tica i d&#8217;imatge).<\/p>\n<p>Els participants s&#8217;hauran de comprometre a complir les condicions que proposa el projecte i a canvi rebran formaci\u00f3 gratu\u00efta amb el corresponent certificat acreditatiu. A trav\u00e9s de l&#8217;Okup&#8217;Alt tamb\u00e9 es treballaran t\u00e8cniques per estar preparat a l&#8217;hora de trobar feina (elaboraci\u00f3 de curr\u00edculums, cartes de presentaci\u00f3 i preparaci\u00f3 d&#8217;entrevistes, entre altres). Tamb\u00e9 es realitzaran visites i entrevistes a empreses col\u00b7laboradores de la comarca.<\/p>\n<p>La iniciativa compta amb el suport de diversos ajuntaments, ja que en les dues primeres tem\u00e0tiques de formaci\u00f3 estan previst pr\u00e0ctiques -i actuacions concretes- a un total de 23 municipis, tal com s&#8217;ha vingut fent en les darreres edicions. En concret, els municipis on es faran pr\u00e0ctiques seran Figueres, Llad\u00f3, Capmany, Llers, la Jonquera, Ventall\u00f3, Sant Miquel de Fluvi\u00e0, Espolla, l&#8217;Armentera, Boadella, Vilamaniscle, Sant Climent Sescebes, Pont\u00f3s, Avinyonet de Puigvent\u00f3s, Garriguella, el Far d&#8217;Empord\u00e0, Portbou, el Port de la Selva, Agullana, Cantallops, Cadaqu\u00e9s, Navata i Albany\u00e0. A 14 es faran feines de manteniment i pintura i a 12 es desenvoluparan treballs forestals. La perruqueria es far\u00e0 a l&#8217;acad\u00e8mia Pivot Point de Figueres.<\/p>\n<p>Els 35 joves seleccionats (9noies i 26 nois), d&#8217;un total de 147 inscrits, procedeixen dels seg\u00fcents municipis: Figueres, Castell\u00f3 d&#8217;Emp\u00faries, Sant Miquel de Fluvi\u00e0, Cabanes, Navata, Masarac, Vilamacolum, Sant Pere Pescador, Vilafant, Roses, la Jonquera i l&#8217;Escala. D&#8217;aquests joves, 13 s&#8217;han inscrit a treballs forestals, 12 a manteniment i pintura i 10 a perruqueria. Com cada any, els joves participats faran formacions complement\u00e0ries. En concret, xerrades de prevenci\u00f3 i salut, de seguretat vial i d&#8217;emprenedoria. Tamb\u00e9 rebran nocions per com abordar una entrevista de feina, riscos laborals i h\u00e0bits saludables.<\/p>\n","protected":false},"excerpt":{"rendered":"<p>Aquest dilluns s&#8217;ha iniciat la sisena edici\u00f3 del projecte Okup\u2019Alt, una iniciativa adre\u00e7ada als joves de l&#8217;Alt Empord\u00e0, d\u2019entre 16 i 24 anys, que ofereix formaci\u00f3 gratu\u00efta en diversos oficis.<\/p>\n","protected":false},"author":2,"featured_media":2974,"comment_status":"closed","ping_status":"closed","sticky":false,"template":"","format":"standard","meta":{"footnotes":""},"categories":[106,101,105,104,103,1,108,12,102],"tags":[],"class_list":["post-5665","post","type-post","status-publish","format-standard","has-post-thumbnail","hentry","category-administracions","category-ciutadania","category-empreses","category-entitats-socials","category-estudiants-escoles-instituts","category-general","category-mitjans-comunicacio","category-pla-dinclusio-2","category-professionals-ambit-social","category-106","category-101","category-105","category-104","category-103","category-1","category-108","category-12","category-102","description-off"],"_links":{"self":[{"href":"https:\/\/inclusioaltemporda.cat\/portal\/wp-json\/wp\/v2\/posts\/5665","targetHints":{"allow":["GET"]}}],"collection":[{"href":"https:\/\/inclusioaltemporda.cat\/portal\/wp-json\/wp\/v2\/posts"}],"about":[{"href":"https:\/\/inclusioaltemporda.cat\/portal\/wp-json\/wp\/v2\/types\/post"}],"author":[{"embeddable":true,"href":"https:\/\/inclusioaltemporda.cat\/portal\/wp-json\/wp\/v2\/users\/2"}],"replies":[{"embeddable":true,"href":"https:\/\/inclusioaltemporda.cat\/portal\/wp-json\/wp\/v2\/comments?post=5665"}],"version-history":[{"count":4,"href":"https:\/\/inclusioaltemporda.cat\/portal\/wp-json\/wp\/v2\/posts\/5665\/revisions"}],"predecessor-version":[{"id":5669,"href":"https:\/\/inclusioaltemporda.cat\/portal\/wp-json\/wp\/v2\/posts\/5665\/revisions\/5669"}],"wp:featuredmedia":[{"embeddable":true,"href":"https:\/\/inclusioaltemporda.cat\/portal\/wp-json\/wp\/v2\/media\/2974"}],"wp:attachment":[{"href":"https:\/\/inclusioaltemporda.cat\/portal\/wp-json\/wp\/v2\/media?parent=5665"}],"wp:term":[{"taxonomy":"category","embeddable":true,"href":"https:\/\/inclusioaltemporda.cat\/portal\/wp-json\/wp\/v2\/categories?post=5665"},{"taxonomy":"post_tag","embeddable":true,"href":"https:\/\/inclusioaltemporda.cat\/portal\/wp-json\/wp\/v2\/tags?post=5665"}],"curies":[{"name":"wp","href":"https:\/\/api.w.org\/{rel}","templated":true}]}}