{"id":5671,"date":"2016-01-21T11:19:45","date_gmt":"2016-01-21T10:19:45","guid":{"rendered":"https:\/\/inclusioaltemporda.cat\/portal\/?p=5671"},"modified":"2016-02-01T09:25:22","modified_gmt":"2016-02-01T08:25:22","slug":"la-taula-per-a-la-inclusio-renova-lequip-de-portaveus","status":"publish","type":"post","link":"https:\/\/inclusioaltemporda.cat\/portal\/la-taula-per-a-la-inclusio-renova-lequip-de-portaveus\/","title":{"rendered":"La Taula per a la Inclusi\u00f3 renova l&#8217;equip de portaveus"},"content":{"rendered":"<p>La Taula per a la Inclusi\u00f3 de l&#8217;Alt Empord\u00e0 va reunir-se divendres passat amb l&#8217;objectiu de planificar les prioritats de treball per a l&#8217;any 2016.<\/p>\n<p>La sessi\u00f3 va servir per fer un retorn a les entitats participants de l&#8217;enquesta d&#8217;avaluaci\u00f3 interna del funcionament de la Taula i les activitats impulsades per aquesta els darrers anys. Els resultats de l&#8217;enquesta i la valoraci\u00f3 duta a terme per les entitats durant la reuni\u00f3 va servir per definir les l\u00ednies de treball futures d&#8217;aquest espai de participaci\u00f3, que se centraran en l&#8217;organitzaci\u00f3 de la Jornada de formaci\u00f3 per entitats i voluntaris aquesta primavera, i en refor\u00e7ar el paper de la Taula com a espai de coordinaci\u00f3 i desenvolupament de projectes compartits entre sector associatiu i administraci\u00f3 p\u00fablica.<\/p>\n<p>Els assistents tamb\u00e9 varen acordar la renovaci\u00f3 de l&#8217;equip de portaveus format per representants de dues entitats de la Taula. Des del passat divendres aquest equip est\u00e0 integrat per Montse Gim\u00e9nez de la Fundaci\u00f3 Sant Vicen\u00e7 de Paul-Ksameu i per Sara Oliver de la Fundaci\u00f3 SERGI. Les entitats assistents varen agrair el treball dut a terme per portaveu sortint, Narc\u00eds Batall\u00e9s de l&#8217;ONG-Tallers, que ha format part d&#8217;aquest equip des de l&#8217;inici de la Taula per a la Inclusi\u00f3.<\/p>\n<p>La Taula per a la Inclusi\u00f3 i la Cohesi\u00f3 Social de l&#8217;Alt Empord\u00e0 \u00e9s un espai de treball que agrupa entitats de l&#8217;\u00e0mbit social de la comarca i el Consell Comarcal, desenvolupant funcions d\u2019assessorament, consulta, proposta i participaci\u00f3 de les entitats socials de la comarca en les diferents fases d\u2019elaboraci\u00f3 del Pla.<\/p>\n","protected":false},"excerpt":{"rendered":"<p>La Taula per a la Inclusi\u00f3 de l&#8217;Alt Empord\u00e0 va reunir-se divendres passat amb l&#8217;objectiu de planificar les prioritats de treball per a l&#8217;any 2016.<\/p>\n","protected":false},"author":2,"featured_media":5281,"comment_status":"closed","ping_status":"closed","sticky":false,"template":"","format":"standard","meta":{"footnotes":""},"categories":[106,100,101,104,1,108,12,11],"tags":[],"class_list":["post-5671","post","type-post","status-publish","format-standard","has-post-thumbnail","hentry","category-administracions","category-area-benestar","category-ciutadania","category-entitats-socials","category-general","category-mitjans-comunicacio","category-pla-dinclusio-2","category-taula-inclusio","category-106","category-100","category-101","category-104","category-1","category-108","category-12","category-11","description-off"],"_links":{"self":[{"href":"https:\/\/inclusioaltemporda.cat\/portal\/wp-json\/wp\/v2\/posts\/5671","targetHints":{"allow":["GET"]}}],"collection":[{"href":"https:\/\/inclusioaltemporda.cat\/portal\/wp-json\/wp\/v2\/posts"}],"about":[{"href":"https:\/\/inclusioaltemporda.cat\/portal\/wp-json\/wp\/v2\/types\/post"}],"author":[{"embeddable":true,"href":"https:\/\/inclusioaltemporda.cat\/portal\/wp-json\/wp\/v2\/users\/2"}],"replies":[{"embeddable":true,"href":"https:\/\/inclusioaltemporda.cat\/portal\/wp-json\/wp\/v2\/comments?post=5671"}],"version-history":[{"count":2,"href":"https:\/\/inclusioaltemporda.cat\/portal\/wp-json\/wp\/v2\/posts\/5671\/revisions"}],"predecessor-version":[{"id":5673,"href":"https:\/\/inclusioaltemporda.cat\/portal\/wp-json\/wp\/v2\/posts\/5671\/revisions\/5673"}],"wp:featuredmedia":[{"embeddable":true,"href":"https:\/\/inclusioaltemporda.cat\/portal\/wp-json\/wp\/v2\/media\/5281"}],"wp:attachment":[{"href":"https:\/\/inclusioaltemporda.cat\/portal\/wp-json\/wp\/v2\/media?parent=5671"}],"wp:term":[{"taxonomy":"category","embeddable":true,"href":"https:\/\/inclusioaltemporda.cat\/portal\/wp-json\/wp\/v2\/categories?post=5671"},{"taxonomy":"post_tag","embeddable":true,"href":"https:\/\/inclusioaltemporda.cat\/portal\/wp-json\/wp\/v2\/tags?post=5671"}],"curies":[{"name":"wp","href":"https:\/\/api.w.org\/{rel}","templated":true}]}}