{"id":5675,"date":"2016-01-27T08:15:33","date_gmt":"2016-01-27T07:15:33","guid":{"rendered":"https:\/\/inclusioaltemporda.cat\/portal\/?p=5675"},"modified":"2016-02-01T09:25:22","modified_gmt":"2016-02-01T08:25:22","slug":"loficina-jove-de-lalt-emporda-programa-una-quarantena-de-cursos-i-activitats-per-al-primer-semestre-de-lany","status":"publish","type":"post","link":"https:\/\/inclusioaltemporda.cat\/portal\/loficina-jove-de-lalt-emporda-programa-una-quarantena-de-cursos-i-activitats-per-al-primer-semestre-de-lany\/","title":{"rendered":"L&#8217;Oficina Jove de l&#8217;Alt Empord\u00e0 programa una quarantena de cursos i activitats"},"content":{"rendered":"<p>L&#8217;Oficina Jove Alt Empord\u00e0-Figueres organitza una quarantena de cursos, tallers i altres activitats per al primer semestre de l&#8217;any que es realitzen distribu\u00efdes al llarg de tots els dies de la setmana. La majoria d&#8217;aquestes activitats van adre\u00e7ades, \u00f2bviament, a joves que cursen ESO, Batxillerat o cicles formatius.<\/p>\n<p>En relaci\u00f3 a la temporada passada, la programaci\u00f3 ha evolucionat i ha ampliat l&#8217;oferta de cursos i tallers. Per tal de simplificar i afavorir als usuaris la seva participaci\u00f3 en aquestes activitats s&#8217;han fixat dies tem\u00e0tics. Els dimarts estan dedicats a la m\u00fasica (amb tallers d&#8217;instruments i cursos musicals, entre altres). Els dimecres s\u00f3n per a l&#8217;oci, amb diferents opcions com els jocs de taula, un taller d&#8217;expressi\u00f3 corporal o l&#8217;scrapbooking. El dijous es dediquen a la formaci\u00f3, destacant els cursos de fotografia i inform\u00e0tica. Els divendres s\u00f3n per a la fantasia, amb el club de rol, i el dissabte per a la creaci\u00f3, amb els grup de teatre i la companyia jove de dansa. Pel cap de setmana tamb\u00e9 es continuen programant activitats estrella, xerrades informatives de tem\u00e0tica m\u00e9s general, formacions espec\u00edfiques i sortides.<\/p>\n<p>Des de l&#8217;Oficina Jove Alt Empord\u00e0-Figueres tamb\u00e9 s&#8217;ofereix assessorament i informaci\u00f3 per als joves que tinguin dubtes en \u00e0mbit formatius, laborals, d&#8217;oci o salut. S&#8217;incideix de forma molt especial en el programa de Garantia Juvenil i es mant\u00e9 l&#8217;aula d&#8217;estudi del Punt UOC. A les seves depend\u00e8ncies tamb\u00e9 es pot fer \u00fas del buc d&#8217;assaig i del telecentre aix\u00ed com del servei d&#8217;alberg d&#8217;entitats. Setmanalment hi ha atenci\u00f3 personalitzada per part de l&#8217;agent comarcal de salut i per rebre informaci\u00f3 sobre el Servei de Voluntariat Europeu (SVE).<\/p>\n<p>Podeu consultar l&#8217;oferta de cursos i tallers completa en aquest <a href=\"https:\/\/goo.gl\/H3XQCG\" target=\"_blank\">enlla\u00e7<\/a>. Les inscripcions online es poden fer a trav\u00e9s d&#8217;aquest altre <a href=\"http:\/\/goo.gl\/jfbLy4\" target=\"_blank\">enlla\u00e7<\/a>.<\/p>\n","protected":false},"excerpt":{"rendered":"<p>La majoria d&#8217;aquestes activitats, programades durant el primer semestre de l&#8217;any, van adre\u00e7ades a joves que cursen ESO, Batxillerat o cicles formatius.<\/p>\n","protected":false},"author":2,"featured_media":5676,"comment_status":"closed","ping_status":"closed","sticky":false,"template":"","format":"standard","meta":{"footnotes":""},"categories":[106,33,101,103,1,108],"tags":[],"class_list":["post-5675","post","type-post","status-publish","format-standard","has-post-thumbnail","hentry","category-administracions","category-agenda","category-ciutadania","category-estudiants-escoles-instituts","category-general","category-mitjans-comunicacio","category-106","category-33","category-101","category-103","category-1","category-108","description-off"],"_links":{"self":[{"href":"https:\/\/inclusioaltemporda.cat\/portal\/wp-json\/wp\/v2\/posts\/5675","targetHints":{"allow":["GET"]}}],"collection":[{"href":"https:\/\/inclusioaltemporda.cat\/portal\/wp-json\/wp\/v2\/posts"}],"about":[{"href":"https:\/\/inclusioaltemporda.cat\/portal\/wp-json\/wp\/v2\/types\/post"}],"author":[{"embeddable":true,"href":"https:\/\/inclusioaltemporda.cat\/portal\/wp-json\/wp\/v2\/users\/2"}],"replies":[{"embeddable":true,"href":"https:\/\/inclusioaltemporda.cat\/portal\/wp-json\/wp\/v2\/comments?post=5675"}],"version-history":[{"count":5,"href":"https:\/\/inclusioaltemporda.cat\/portal\/wp-json\/wp\/v2\/posts\/5675\/revisions"}],"predecessor-version":[{"id":5681,"href":"https:\/\/inclusioaltemporda.cat\/portal\/wp-json\/wp\/v2\/posts\/5675\/revisions\/5681"}],"wp:featuredmedia":[{"embeddable":true,"href":"https:\/\/inclusioaltemporda.cat\/portal\/wp-json\/wp\/v2\/media\/5676"}],"wp:attachment":[{"href":"https:\/\/inclusioaltemporda.cat\/portal\/wp-json\/wp\/v2\/media?parent=5675"}],"wp:term":[{"taxonomy":"category","embeddable":true,"href":"https:\/\/inclusioaltemporda.cat\/portal\/wp-json\/wp\/v2\/categories?post=5675"},{"taxonomy":"post_tag","embeddable":true,"href":"https:\/\/inclusioaltemporda.cat\/portal\/wp-json\/wp\/v2\/tags?post=5675"}],"curies":[{"name":"wp","href":"https:\/\/api.w.org\/{rel}","templated":true}]}}