{"id":5686,"date":"2016-02-10T13:30:41","date_gmt":"2016-02-10T12:30:41","guid":{"rendered":"https:\/\/inclusioaltemporda.cat\/portal\/?p=5686"},"modified":"2016-02-10T13:34:06","modified_gmt":"2016-02-10T12:34:06","slug":"proces-de-seleccio-de-diferents-perfils-professionals-per-al-projecte-oficis-per-a-la-comunitat","status":"publish","type":"post","link":"https:\/\/inclusioaltemporda.cat\/portal\/proces-de-seleccio-de-diferents-perfils-professionals-per-al-projecte-oficis-per-a-la-comunitat\/","title":{"rendered":"Proc\u00e9s de selecci\u00f3 de diferents perfils professionals per al projecte &#8220;Oficis per a la comunitat&#8221;"},"content":{"rendered":"<p>El Consell Comarcal de l&#8217;Alt Empord\u00e0 convoca un <a href=\"http:\/\/www.altemporda.org\/portal\/attachments\/article\/1923\/publicaciobop.pdf\" target=\"_blank\">proc\u00e9s de selecci\u00f3 per a la contractaci\u00f3 laboral temporal de diferents perfils professionals<\/a> en el marc de la convocat\u00f2ria d&#8217;accions d&#8217;ocupaci\u00f3 del programa &#8220;Salut i Crisi&#8221; de Dipsalut.<\/p>\n<p>El projecte \u201cOficis per a la comunitat: noves oportunitats per sortir de la crisi\u201d, liderat pel Consell Comarcal amb la col\u00b7laboraci\u00f3 de l&#8217;Ajuntament de Figures en el marc de l&#8217;esmentada convocat\u00f2ria de DipSalut, pret\u00e9n facilitar l&#8217;ocupabilitat de persones directament afectades per la crisi amb perfils de risc d&#8217;exclusi\u00f3 social en programes comarcals. En aquest sentit, el projecte vol promoure oportunitats laborals per a perfils de risc en les pr\u00f2pies estructures dels serveis socials b\u00e0sics del Consell, promoure la creaci\u00f3 de llocs de treball que reverteixin i benefici\u00efn la poblaci\u00f3 en risc afectada per la crisi, i en tercer lloc, incentivar nous programes comunitaris que facilitin l&#8217;ocupabilitat futura de perfils de risc en el territori en activitats productives autogestionades i sostenibles.<\/p>\n<p>Els perfils professionals espec\u00edfics pels que s&#8217;ha obert la convocat\u00f2ria s\u00f3n els seg\u00fcents:<\/p>\n<ul>\n<li><a href=\"http:\/\/www.altemporda.org\/portal\/recursoshumans1\/convocatoria-borsa-de-treball\/1923-ofertes-treball-i-formacio-b126-10-15\" target=\"_blank\">10 llocs de treball d&#8217;informadors\/es de l&#8217;\u00e0rea de Benestar<\/a> del Consell Comarcal que treballaran en equip amb els professionals i entitats.<\/li>\n<li><a href=\"http:\/\/www.altemporda.org\/portal\/recursoshumans1\/convocatoria-borsa-de-treball\/1923-ofertes-treball-i-formacio-b126-10-15\" target=\"_blank\">3 llocs de treball de pe\u00f3 d&#8217;oficis varis (&#8220;manetes&#8221;) en la brigada d&#8217;emerg\u00e8ncia<\/a> que interv\u00e9 en el manteniment i adequaci\u00f3 d&#8217;habitatges de fam\u00edlies directament afectades per la crisi i en situaci\u00f3 vulnerable.<\/li>\n<li><a href=\"http:\/\/www.altemporda.org\/portal\/recursoshumans1\/convocatoria-borsa-de-treball\/1923-ofertes-treball-i-formacio-b126-10-15\" target=\"_blank\">1 lloc de treball de pe\u00f3 agr\u00edcola\/dinamitzador<\/a> per iniciar un programa de treball comunitari que permeti la producci\u00f3 hort\u00edcola i l&#8217;autoconsum per a fam\u00edlies en situaci\u00f3 vulnerable i, al mateix temps, fomenti l&#8217;emprenedoria.<\/li>\n<\/ul>\n<p>El termini de presentaci\u00f3 de candidatures estar\u00e0 obert entre els dies 11 i 22 de febrer. Les inst\u00e0ncies de sol\u00b7licitud s&#8217;han de presentar al registre del Consell Comarcal. Podeu consultar les bases espec\u00edfiques dels llocs de treball i descarregar-vos el model d&#8217;inst\u00e0ncia de sol\u00b7licitud en aquest <a href=\"http:\/\/www.altemporda.org\/portal\/attachments\/article\/1923\/instanciaproves.pdf\" target=\"_blank\">enlla\u00e7<\/a>.<\/p>\n<p>&nbsp;<\/p>\n","protected":false},"excerpt":{"rendered":"<p>El Consell Comarcal de l&#8217;Alt Empord\u00e0 convoca un proc\u00e9s de selecci\u00f3 per a la contractaci\u00f3 laboral temporal de diferents perfils professionals <\/p>\n","protected":false},"author":2,"featured_media":1277,"comment_status":"closed","ping_status":"closed","sticky":false,"template":"","format":"standard","meta":{"footnotes":""},"categories":[106,100,101,105,104,103,1,108,12,102],"tags":[],"class_list":["post-5686","post","type-post","status-publish","format-standard","has-post-thumbnail","hentry","category-administracions","category-area-benestar","category-ciutadania","category-empreses","category-entitats-socials","category-estudiants-escoles-instituts","category-general","category-mitjans-comunicacio","category-pla-dinclusio-2","category-professionals-ambit-social","category-106","category-100","category-101","category-105","category-104","category-103","category-1","category-108","category-12","category-102","description-off"],"_links":{"self":[{"href":"https:\/\/inclusioaltemporda.cat\/portal\/wp-json\/wp\/v2\/posts\/5686","targetHints":{"allow":["GET"]}}],"collection":[{"href":"https:\/\/inclusioaltemporda.cat\/portal\/wp-json\/wp\/v2\/posts"}],"about":[{"href":"https:\/\/inclusioaltemporda.cat\/portal\/wp-json\/wp\/v2\/types\/post"}],"author":[{"embeddable":true,"href":"https:\/\/inclusioaltemporda.cat\/portal\/wp-json\/wp\/v2\/users\/2"}],"replies":[{"embeddable":true,"href":"https:\/\/inclusioaltemporda.cat\/portal\/wp-json\/wp\/v2\/comments?post=5686"}],"version-history":[{"count":4,"href":"https:\/\/inclusioaltemporda.cat\/portal\/wp-json\/wp\/v2\/posts\/5686\/revisions"}],"predecessor-version":[{"id":6215,"href":"https:\/\/inclusioaltemporda.cat\/portal\/wp-json\/wp\/v2\/posts\/5686\/revisions\/6215"}],"wp:featuredmedia":[{"embeddable":true,"href":"https:\/\/inclusioaltemporda.cat\/portal\/wp-json\/wp\/v2\/media\/1277"}],"wp:attachment":[{"href":"https:\/\/inclusioaltemporda.cat\/portal\/wp-json\/wp\/v2\/media?parent=5686"}],"wp:term":[{"taxonomy":"category","embeddable":true,"href":"https:\/\/inclusioaltemporda.cat\/portal\/wp-json\/wp\/v2\/categories?post=5686"},{"taxonomy":"post_tag","embeddable":true,"href":"https:\/\/inclusioaltemporda.cat\/portal\/wp-json\/wp\/v2\/tags?post=5686"}],"curies":[{"name":"wp","href":"https:\/\/api.w.org\/{rel}","templated":true}]}}