{"id":5694,"date":"2016-02-08T09:54:53","date_gmt":"2016-02-08T08:54:53","guid":{"rendered":"https:\/\/inclusioaltemporda.cat\/portal\/?p=5694"},"modified":"2016-02-08T09:56:35","modified_gmt":"2016-02-08T08:56:35","slug":"el-servei-dorientacio-sobre-drogues-aten-40-persones-en-un-any","status":"publish","type":"post","link":"https:\/\/inclusioaltemporda.cat\/portal\/el-servei-dorientacio-sobre-drogues-aten-40-persones-en-un-any\/","title":{"rendered":"El Servei d&#8217;Orientaci\u00f3 sobre Drogues at\u00e8n 40 persones en un any"},"content":{"rendered":"<p>En el marc de les activitats del Pla Comarcal de prevenci\u00f3 de Drogodepend\u00e8ncies, fa un any que es va posar en marxa el Servei d&#8217;Orientaci\u00f3 sobre Drogues (SOD). Aquest servei que gestiona l&#8217;\u00e0rea de Benestar del Consell Comarcal ofereix una resposta preventiva conjunta als problemes relacionats amb el consum o l\u2019ab\u00fas de l\u2019alcohol i les altres drogues.<\/p>\n<p>El servei va ser creat per donar resposta a les demandes de fam\u00edlies, de professionals (de l\u2019educaci\u00f3, serveis socials i sanitat), i de la pr\u00f2pia experi\u00e8ncia dels serveis de l&#8217;\u00e0rea de Benestar en les activitats preventives comunit\u00e0ries, que van evidenciar la necessitat d&#8217;oferir un servei d&#8217;assessorament i orientaci\u00f3 sobre drogodepend\u00e8ncies.<\/p>\n<p>Des de l\u2019inici del SOD, han estat ateses un total de 40 persones que han rebut assessorament professional en tots els casos. El perfil de les persones ateses \u00e9s divers, des de joves i adults fins a mares i pares i diferents professionals preocupats pel consum de drogues per part d&#8217;un mateix, dels seus familiars o dels seus alumnes.<\/p>\n<p>Aquest \u00e9s un servei confidencial i gratu\u00eft per a qualsevol persona (especialment per als joves) que necessiti atenci\u00f3 personalitzada per l\u2019assessorament en prevenci\u00f3 i intervenci\u00f3 en drogues i conductes de risc associades aix\u00ed com informaci\u00f3 relacionada amb el consum de tabac, l\u2019alcohol, el <em>cannabis<\/em> i d&#8217;altres subst\u00e0ncies, a banda de donar a con\u00e8ixer els recursos disponibles en drogodepend\u00e8ncies a la comarca de l\u2019Alt Empord\u00e0.<\/p>\n<p>Els professionals que hi treballen desenvolupen diferents tasques:<\/p>\n<ul>\n<li>Informar i orientar a adolescents i joves en relaci\u00f3 a les drogues, els seus efectes, riscos i conseq\u00fc\u00e8ncies.<\/li>\n<li>Informar i orientar a pares, mares i professionals en temes de prevenci\u00f3 de drogodepend\u00e8ncies.<\/li>\n<li>Informar sobre els recursos comarcals existents i sobre programes i projectes entorn a la prevenci\u00f3 de les drogodepend\u00e8ncies.<\/li>\n<li>Valorar la derivaci\u00f3 a d&#8217;altres recursos o professionals.<\/li>\n<li>Recollir les tend\u00e8ncies de consum i necessitats de les fam\u00edlies i professionals per tal d&#8217;adequar les intervencions a la realitat comarcal.<\/li>\n<\/ul>\n<p>El servei es presta a l&#8217;\u00c0rea de Benestar del Consell Comarcal de l&#8217;Alt Empord\u00e0, al carrer Nou, 48 de Figueres, cada dimarts de 16:00 h a 19:00 h. Per accedir-hi cal demanar hora per tel\u00e8fon (972.677.050) o b\u00e9 per correu electr\u00f2nic (<span id=\"cloak73234\"><a href=\"mailto:sod@altemporda.cat\">sod@altemporda.cat<\/a><\/span>).<\/p>\n","protected":false},"excerpt":{"rendered":"<p>El Servei d&#8217;Orientaci\u00f3 sobre Drogues (SOD) de l&#8217;\u00e0rea de Benestar  del Consell Comarcal ofereix una resposta preventiva als problemes relacionats amb el consum o l\u2019ab\u00fas de l\u2019alcohol i les altres drogues.<\/p>\n","protected":false},"author":3,"featured_media":2265,"comment_status":"closed","ping_status":"closed","sticky":false,"template":"","format":"standard","meta":{"footnotes":""},"categories":[106,100,101,104,103,1,108,12,102],"tags":[],"class_list":["post-5694","post","type-post","status-publish","format-standard","has-post-thumbnail","hentry","category-administracions","category-area-benestar","category-ciutadania","category-entitats-socials","category-estudiants-escoles-instituts","category-general","category-mitjans-comunicacio","category-pla-dinclusio-2","category-professionals-ambit-social","category-106","category-100","category-101","category-104","category-103","category-1","category-108","category-12","category-102","description-off"],"_links":{"self":[{"href":"https:\/\/inclusioaltemporda.cat\/portal\/wp-json\/wp\/v2\/posts\/5694","targetHints":{"allow":["GET"]}}],"collection":[{"href":"https:\/\/inclusioaltemporda.cat\/portal\/wp-json\/wp\/v2\/posts"}],"about":[{"href":"https:\/\/inclusioaltemporda.cat\/portal\/wp-json\/wp\/v2\/types\/post"}],"author":[{"embeddable":true,"href":"https:\/\/inclusioaltemporda.cat\/portal\/wp-json\/wp\/v2\/users\/3"}],"replies":[{"embeddable":true,"href":"https:\/\/inclusioaltemporda.cat\/portal\/wp-json\/wp\/v2\/comments?post=5694"}],"version-history":[{"count":6,"href":"https:\/\/inclusioaltemporda.cat\/portal\/wp-json\/wp\/v2\/posts\/5694\/revisions"}],"predecessor-version":[{"id":5700,"href":"https:\/\/inclusioaltemporda.cat\/portal\/wp-json\/wp\/v2\/posts\/5694\/revisions\/5700"}],"wp:featuredmedia":[{"embeddable":true,"href":"https:\/\/inclusioaltemporda.cat\/portal\/wp-json\/wp\/v2\/media\/2265"}],"wp:attachment":[{"href":"https:\/\/inclusioaltemporda.cat\/portal\/wp-json\/wp\/v2\/media?parent=5694"}],"wp:term":[{"taxonomy":"category","embeddable":true,"href":"https:\/\/inclusioaltemporda.cat\/portal\/wp-json\/wp\/v2\/categories?post=5694"},{"taxonomy":"post_tag","embeddable":true,"href":"https:\/\/inclusioaltemporda.cat\/portal\/wp-json\/wp\/v2\/tags?post=5694"}],"curies":[{"name":"wp","href":"https:\/\/api.w.org\/{rel}","templated":true}]}}