{"id":5723,"date":"2016-02-22T08:30:58","date_gmt":"2016-02-22T07:30:58","guid":{"rendered":"https:\/\/inclusioaltemporda.cat\/portal\/?p=5723"},"modified":"2016-02-22T08:51:58","modified_gmt":"2016-02-22T07:51:58","slug":"sessio-territorial-de-3r-congres-de-lassociacionisme-i-el-voluntariat-a-figueres","status":"publish","type":"post","link":"https:\/\/inclusioaltemporda.cat\/portal\/sessio-territorial-de-3r-congres-de-lassociacionisme-i-el-voluntariat-a-figueres\/","title":{"rendered":"Sessi\u00f3 territorial a Figueres del 3r Congr\u00e9s de l&#8217;Associacionisme i el Voluntariat"},"content":{"rendered":"<p>El\u00a0<a href=\"http:\/\/www.voluntariat.org\/el-voluntariat-a-catalunya\/consell-de-lassociacionisme-i-el-voluntariat\">Consell de l\u2019Associacionisme i el Voluntariat de Catalunya (CAVC)<\/a> organitzar\u00e0 en els propers mesos el\u00a03r Congr\u00e9s Catal\u00e0 del Voluntariat,\u00a0amb\u00a0l\u2019objectiu d\u2019organitzar un espai de trobada que faci possible un debat seri\u00f3s, ser\u00e8\u00a0i profund\u00a0sobre els\u00a0nous reptes del voluntariat\u00a0i del seu encaix en la societat actual, i marcar aix\u00ed el full de ruta per als propers anys.<\/p>\n<p>Per facilitar la implicaci\u00f3 de les entitats i persones en el territori en el proc\u00e9s de debat preparaci\u00f3 del Congr\u00e9s, l&#8217;organitzaci\u00f3 ha previst 17 sessions precongressuals entre els mesos de febrer i abril, on s&#8217;abordaran 5 temes claus:<\/p>\n<p><strong>1. El dia a dia de les entitats i de les persones que hi participen.<\/strong><\/p>\n<p>En quin punt estem? Quins reptes hem d\u2019afrontar? Quines oportunitats tenim al davant?<\/p>\n<p><strong>2. Els recursos de les entitats.<\/strong><\/p>\n<p>Com tirem endavant? Qui ens ajuda? Qu\u00e8 necessitar\u00edem per millorar?<\/p>\n<p><strong>3. La relaci\u00f3 amb l\u2019Administraci\u00f3.<\/strong><\/p>\n<p>Qu\u00e8 haurien de fer els Governs per impulsar l\u2019associacionisme? Qu\u00e8 cal fer des de les Administracions per potenciar el voluntariat? Qu\u00e8 cal seguir fent igual i qu\u00e8 canviar\u00edem?<\/p>\n<p><strong>4.\u00a0La comunicaci\u00f3 i la incid\u00e8ncia del que fem.<\/strong><\/p>\n<p>La ciutadania coneix els nostres projectes? Com hem de fer sentir la nostra veu? Com podem influir en les pol\u00edtiques?<\/p>\n<p><strong>5.\u00a0Treball en xarxa: no estem sols.<\/strong><\/p>\n<p>Qui s\u00f3n els altres agents? Qu\u00e8 hi diuen i qu\u00e8 en pensen ? I si col\u00b7laborem tots, com ho fem?<\/p>\n<p>Est\u00e0 prevista la realitzaci\u00f3 d&#8217;una d&#8217;aquestes sessions territorials a Figueres el proper dijous 25 de febrer de 17h a 19h al Casal de la Gent Gran de Figuers (C\/Joan Subias, s\/n). Per tal de participar-hi \u00e9s necessari inscriure-s&#8217;hi a trav\u00e9s d&#8217;<a href=\"https:\/\/docs.google.com\/forms\/d\/1qh7S_EztDsi5k-dmMCImivPbHbmKI1Gt8Fhczxhk_Xc\/viewform?c=0&amp;w=1\" target=\"_blank\">aquest formulari<\/a>.<\/p>\n","protected":false},"excerpt":{"rendered":"<p>El Consell de l\u2019Associacionisme i el Voluntariat de Catalunya (CAVC) organitza 17 sessions precongressuals entre els mesos de febrer i abril d&#8217;enguany<\/p>\n","protected":false},"author":2,"featured_media":4327,"comment_status":"closed","ping_status":"closed","sticky":false,"template":"","format":"standard","meta":{"footnotes":""},"categories":[106,33,101,105,104,103,1,108,11],"tags":[],"class_list":["post-5723","post","type-post","status-publish","format-standard","has-post-thumbnail","hentry","category-administracions","category-agenda","category-ciutadania","category-empreses","category-entitats-socials","category-estudiants-escoles-instituts","category-general","category-mitjans-comunicacio","category-taula-inclusio","category-106","category-33","category-101","category-105","category-104","category-103","category-1","category-108","category-11","description-off"],"_links":{"self":[{"href":"https:\/\/inclusioaltemporda.cat\/portal\/wp-json\/wp\/v2\/posts\/5723","targetHints":{"allow":["GET"]}}],"collection":[{"href":"https:\/\/inclusioaltemporda.cat\/portal\/wp-json\/wp\/v2\/posts"}],"about":[{"href":"https:\/\/inclusioaltemporda.cat\/portal\/wp-json\/wp\/v2\/types\/post"}],"author":[{"embeddable":true,"href":"https:\/\/inclusioaltemporda.cat\/portal\/wp-json\/wp\/v2\/users\/2"}],"replies":[{"embeddable":true,"href":"https:\/\/inclusioaltemporda.cat\/portal\/wp-json\/wp\/v2\/comments?post=5723"}],"version-history":[{"count":4,"href":"https:\/\/inclusioaltemporda.cat\/portal\/wp-json\/wp\/v2\/posts\/5723\/revisions"}],"predecessor-version":[{"id":5738,"href":"https:\/\/inclusioaltemporda.cat\/portal\/wp-json\/wp\/v2\/posts\/5723\/revisions\/5738"}],"wp:featuredmedia":[{"embeddable":true,"href":"https:\/\/inclusioaltemporda.cat\/portal\/wp-json\/wp\/v2\/media\/4327"}],"wp:attachment":[{"href":"https:\/\/inclusioaltemporda.cat\/portal\/wp-json\/wp\/v2\/media?parent=5723"}],"wp:term":[{"taxonomy":"category","embeddable":true,"href":"https:\/\/inclusioaltemporda.cat\/portal\/wp-json\/wp\/v2\/categories?post=5723"},{"taxonomy":"post_tag","embeddable":true,"href":"https:\/\/inclusioaltemporda.cat\/portal\/wp-json\/wp\/v2\/tags?post=5723"}],"curies":[{"name":"wp","href":"https:\/\/api.w.org\/{rel}","templated":true}]}}