{"id":5727,"date":"2016-02-18T09:44:47","date_gmt":"2016-02-18T08:44:47","guid":{"rendered":"https:\/\/inclusioaltemporda.cat\/portal\/?p=5727"},"modified":"2016-02-18T09:46:09","modified_gmt":"2016-02-18T08:46:09","slug":"jornada-de-treball-transfronterera-a-perpinya","status":"publish","type":"post","link":"https:\/\/inclusioaltemporda.cat\/portal\/jornada-de-treball-transfronterera-a-perpinya\/","title":{"rendered":"Jornada de treball transfronterera entre professionals de la intervenci\u00f3 social a Perpiny\u00e0"},"content":{"rendered":"<p>Aquesta setmana professionals de les \u00e0rees de Benestar i de Joventut del Consell Comarcal han participat en una jornada de treball transfronterera a Perpiny\u00e0, en el marc d&#8217;un projecte de cooperaci\u00f3 que est\u00e0 portant a terme l&#8217;\u00e0rea de Benestar i l&#8217;Institut R\u00e9gional du Travail Social de Perpignan (IRTS).<\/p>\n<p>Aquesta trobada forma part d&#8217;un cicle de sessions de treball amb professionals de la intervenci\u00f3 social d&#8217;ambd\u00f3s costats de la frontera que t\u00e9 com a finalitat l\u2019intercanvi de coneixement t\u00e8cnic, la transfer\u00e8ncia d\u2019experi\u00e8ncies i el coneixement de bones pr\u00e0ctiques entre els professionals.<\/p>\n<p>L&#8217;\u00e0rea de Benestar, que participa en aquest grup transfronterer des del mes de setembre de 2014, est\u00e0 elaborant un Diagn\u00f2stic Social Transfronterer que permetr\u00e0 identificar les problem\u00e0tiques socials transfrontereres i els perfils m\u00e9s vulnerables, les necessitats socials no cobertes en el territori, els agents que presten serveis i faciliten recursos aix\u00ed com els espais de cooperaci\u00f3. Aquest diagn\u00f2stic es presentar\u00e0 en la propera sessi\u00f3 transfronterera que tindr\u00e0 lloc a Figueres el proper 5 d&#8217;abril.<\/p>\n<p>Aquest projecte de cooperaci\u00f3 transfronterera est\u00e0 subvencionat pel programa de subvencions pluriennals Eurodistricte, promogut per la Generalitat de Catalunya i el Conseil G\u00e9n\u00e9ral des Pyrinees Orientales.<\/p>\n<p><a href=\"https:\/\/inclusioaltemporda.cat\/portal\/cooperacio-transfronterera-3\/\">M\u00e9s informaci\u00f3 en aquest enlla\u00e7<\/a>.<\/p>\n","protected":false},"excerpt":{"rendered":"<p>Aquesta setmana professionals de les \u00e0rees de Benestar i de Joventut del Consell Comarcal han participat en una jornada de treball transfronterera a Perpiny\u00e0, en el marc d&#8217;un projecte de cooperaci\u00f3 transfronterer.<\/p>\n","protected":false},"author":3,"featured_media":5729,"comment_status":"closed","ping_status":"closed","sticky":false,"template":"","format":"standard","meta":{"footnotes":""},"categories":[106,100,107,105,104,103,1,108,13,102,115],"tags":[],"class_list":["post-5727","post","type-post","status-publish","format-standard","has-post-thumbnail","hentry","category-administracions","category-area-benestar","category-centres-recerca-universitats","category-empreses","category-entitats-socials","category-estudiants-escoles-instituts","category-general","category-mitjans-comunicacio","category-observatori-inclusio-social-alt-emporda","category-professionals-ambit-social","category-projectes-transfronterers","category-106","category-100","category-107","category-105","category-104","category-103","category-1","category-108","category-13","category-102","category-115","description-off"],"_links":{"self":[{"href":"https:\/\/inclusioaltemporda.cat\/portal\/wp-json\/wp\/v2\/posts\/5727","targetHints":{"allow":["GET"]}}],"collection":[{"href":"https:\/\/inclusioaltemporda.cat\/portal\/wp-json\/wp\/v2\/posts"}],"about":[{"href":"https:\/\/inclusioaltemporda.cat\/portal\/wp-json\/wp\/v2\/types\/post"}],"author":[{"embeddable":true,"href":"https:\/\/inclusioaltemporda.cat\/portal\/wp-json\/wp\/v2\/users\/3"}],"replies":[{"embeddable":true,"href":"https:\/\/inclusioaltemporda.cat\/portal\/wp-json\/wp\/v2\/comments?post=5727"}],"version-history":[{"count":5,"href":"https:\/\/inclusioaltemporda.cat\/portal\/wp-json\/wp\/v2\/posts\/5727\/revisions"}],"predecessor-version":[{"id":5733,"href":"https:\/\/inclusioaltemporda.cat\/portal\/wp-json\/wp\/v2\/posts\/5727\/revisions\/5733"}],"wp:featuredmedia":[{"embeddable":true,"href":"https:\/\/inclusioaltemporda.cat\/portal\/wp-json\/wp\/v2\/media\/5729"}],"wp:attachment":[{"href":"https:\/\/inclusioaltemporda.cat\/portal\/wp-json\/wp\/v2\/media?parent=5727"}],"wp:term":[{"taxonomy":"category","embeddable":true,"href":"https:\/\/inclusioaltemporda.cat\/portal\/wp-json\/wp\/v2\/categories?post=5727"},{"taxonomy":"post_tag","embeddable":true,"href":"https:\/\/inclusioaltemporda.cat\/portal\/wp-json\/wp\/v2\/tags?post=5727"}],"curies":[{"name":"wp","href":"https:\/\/api.w.org\/{rel}","templated":true}]}}