{"id":5748,"date":"2016-03-01T15:15:29","date_gmt":"2016-03-01T14:15:29","guid":{"rendered":"https:\/\/inclusioaltemporda.cat\/portal\/?p=5748"},"modified":"2016-03-01T15:15:29","modified_gmt":"2016-03-01T14:15:29","slug":"en-marxa-ledicio-de-primavera-dels-tallers-de-memoria-i-gimnas","status":"publish","type":"post","link":"https:\/\/inclusioaltemporda.cat\/portal\/en-marxa-ledicio-de-primavera-dels-tallers-de-memoria-i-gimnas\/","title":{"rendered":"En marxa l&#8217;edici\u00f3 de primavera dels Tallers de Mem\u00f2ria i Gimn\u00e0s"},"content":{"rendered":"<p>Aquest mes de mar\u00e7 s&#8217;ha posat en marxa l\u2019edici\u00f3 de primavera dels Tallers de Mem\u00f2ria i els Tallers de Gimn\u00e0s per a persones grans a diferents municipis de la comarca.<\/p>\n<p>Aquests tallers, promoguts i impartits per professionals de l\u2019\u00e0rea de Benestar del Consell Comarcal per incentivar un envelliment actiu de la poblaci\u00f3 de la comarca.<\/p>\n<p>Els tallers s\u2019adrecen a les persones majors de 60 anys i es fan en els municipis que han sol\u00b7licitat aquesta activitat mitjan\u00e7ant el seu ajuntament. La finalitat d\u2019aquestes activitats \u00e9s treballar de forma \u00edntegra l\u2019estimulaci\u00f3 de les capacitats f\u00edsiques i mentals de les persones grans.<\/p>\n<p>El Taller de Mem\u00f2ria facilita un entrenament de les capacitats que intervenen en la mem\u00f2ria i altres facultats mentals associades. Aquesta activitat consta de diferents sessions d\u2019una hora setmanal.<\/p>\n<p>El Taller de Gimn\u00e0s t\u00e9 com a finalitat mantenir la forma f\u00edsica i promoure un envelliment saludable. Les activitats programades permeten mantenir i millorar les capacitats f\u00edsiques, treballar la mobilitat, la for\u00e7a, la flexibilitat, la coordinaci\u00f3, l\u2019equilibri i la respiraci\u00f3. El Taller tamb\u00e9 facilita t\u00e8cniques de relaxaci\u00f3 i bons h\u00e0bits per prevenir lesions. El Taller es duu a terme en diferents sessions d\u2019una hora setmanal.<\/p>\n<p>Aquesta primavera es faran 28 Tallers de Mem\u00f2ria als municipis seg\u00fcents: Albany\u00e0, Avinyonet de Puigvent\u00f3s, Biure, Borrass\u00e0, Colore, El Far d&#8217;Empord\u00e0, Garrig\u00e0s, L&#8217;Escala, La Jonquera, Llad\u00f3, Llan\u00e7\u00e0, Mollet de Perelada, Perelada, Pont\u00f3s, Sant Climent Sescebes, Sant Lloren\u00e7 de la Muga, Sant Miquel de Fluvi\u00e0, Terrades, Torroella de Fluvi\u00e0, Vilamalla, Vilamaniscle, Vilanova de la Muga, Vilarnadal i Vila-sacra.<\/p>\n<p>Tamb\u00e9 s\u2019han programat 13 Tallers de Gimn\u00e0s als municipis seg\u00fcents: Cantallops, Capmany, Colera, Darnius, El Far, Garrig\u00e0s, Llan\u00e7\u00e0, Navata, Palau de Santa Eul\u00e0lia, Pau, Santa Llogaia i Torroella de Fluvi\u00e0.<\/p>\n<p>Si teniu inter\u00e8s a participar en algun d\u2019aquests Tallers, <a href=\"https:\/\/inclusioaltemporda.cat\/portal\/wp-content\/uploads\/temporalitzaci\u00f3-tallers-primavera2016.pdf\">podeu consultar municipis i horaris en aquest enlla\u00e7<\/a>.<\/p>\n","protected":false},"excerpt":{"rendered":"<p>Aquest mes de mar\u00e7 s&#8217;ha posat en marxa l\u2019edici\u00f3 de primavera dels Tallers de Mem\u00f2ria i els Tallers de Gimn\u00e0s per a persones grans a diferents municipis de la comarca.<\/p>\n","protected":false},"author":3,"featured_media":2445,"comment_status":"closed","ping_status":"closed","sticky":false,"template":"","format":"standard","meta":{"footnotes":""},"categories":[106,33,100,101,1,108,12,102],"tags":[],"class_list":["post-5748","post","type-post","status-publish","format-standard","has-post-thumbnail","hentry","category-administracions","category-agenda","category-area-benestar","category-ciutadania","category-general","category-mitjans-comunicacio","category-pla-dinclusio-2","category-professionals-ambit-social","category-106","category-33","category-100","category-101","category-1","category-108","category-12","category-102","description-off"],"_links":{"self":[{"href":"https:\/\/inclusioaltemporda.cat\/portal\/wp-json\/wp\/v2\/posts\/5748","targetHints":{"allow":["GET"]}}],"collection":[{"href":"https:\/\/inclusioaltemporda.cat\/portal\/wp-json\/wp\/v2\/posts"}],"about":[{"href":"https:\/\/inclusioaltemporda.cat\/portal\/wp-json\/wp\/v2\/types\/post"}],"author":[{"embeddable":true,"href":"https:\/\/inclusioaltemporda.cat\/portal\/wp-json\/wp\/v2\/users\/3"}],"replies":[{"embeddable":true,"href":"https:\/\/inclusioaltemporda.cat\/portal\/wp-json\/wp\/v2\/comments?post=5748"}],"version-history":[{"count":2,"href":"https:\/\/inclusioaltemporda.cat\/portal\/wp-json\/wp\/v2\/posts\/5748\/revisions"}],"predecessor-version":[{"id":5751,"href":"https:\/\/inclusioaltemporda.cat\/portal\/wp-json\/wp\/v2\/posts\/5748\/revisions\/5751"}],"wp:featuredmedia":[{"embeddable":true,"href":"https:\/\/inclusioaltemporda.cat\/portal\/wp-json\/wp\/v2\/media\/2445"}],"wp:attachment":[{"href":"https:\/\/inclusioaltemporda.cat\/portal\/wp-json\/wp\/v2\/media?parent=5748"}],"wp:term":[{"taxonomy":"category","embeddable":true,"href":"https:\/\/inclusioaltemporda.cat\/portal\/wp-json\/wp\/v2\/categories?post=5748"},{"taxonomy":"post_tag","embeddable":true,"href":"https:\/\/inclusioaltemporda.cat\/portal\/wp-json\/wp\/v2\/tags?post=5748"}],"curies":[{"name":"wp","href":"https:\/\/api.w.org\/{rel}","templated":true}]}}