{"id":5753,"date":"2016-03-08T08:30:20","date_gmt":"2016-03-08T07:30:20","guid":{"rendered":"https:\/\/inclusioaltemporda.cat\/portal\/?p=5753"},"modified":"2016-03-08T08:59:54","modified_gmt":"2016-03-08T07:59:54","slug":"jornada-eines-per-a-la-gestio-emocional-dequips-i-voluntaris","status":"publish","type":"post","link":"https:\/\/inclusioaltemporda.cat\/portal\/jornada-eines-per-a-la-gestio-emocional-dequips-i-voluntaris\/","title":{"rendered":"Jornada &#8220;Eines per a la gesti\u00f3 emocional d&#8217;equips i voluntaris&#8221;"},"content":{"rendered":"<p>El proper dissabte 2 d&#8217;abril tindr\u00e0 lloc a Roses la Jornada <a href=\"https:\/\/inclusioaltemporda.cat\/portal\/wp-content\/uploads\/D\u00cdPTIC-JORNADA-2016_DEFINITIU.pdf\" target=\"_blank\">&#8220;Eines per a la gesti\u00f3 emocional d&#8217;equips i voluntariat<\/a>&#8221; organitzada per la <a href=\"https:\/\/inclusioaltemporda.cat\/portal\/taula-dinclusio\/\" target=\"_blank\">Taula d&#8217;Entitats d&#8217;Inclusi\u00f3 Social<\/a>, l&#8217;<a href=\"http:\/\/www.roses.cat\" target=\"_blank\">Ajuntament de Roses<\/a> i el <a href=\"www.altemporda.cat\" target=\"_blank\">Consell Comarcal de l&#8217;Alt Empord\u00e0<\/a>.<\/p>\n<p>Aquesta jornada, que se celebrar\u00e0 al <a href=\"https:\/\/goo.gl\/maps\/g9GDeSuAbKs\" target=\"_blank\">Teatre Municipal de Roses<\/a>, de 9:30h a 17:00h, t\u00e9 com a finalitat promoure la reflexi\u00f3 i el debat a l&#8217;entorn de la gesti\u00f3 emocional de voluntaris i equips professionals de les entitats.<\/p>\n<p>La primera part de la jornada comptar\u00e0 amb la pon\u00e8ncia inaugural &#8220;El ball de les emocions&#8221; a c\u00e0rrec de Jordi Baiget (educador social). A continuaci\u00f3 hi ha previstos dos tallers simultanis orientats a aprofundir en la tem\u00e0tica proposada. El primer, titulat &#8220;Conflicte = Oportunitat&#8221; i dinamitzat per la N\u00faria Ramos (Treballadora social i terapeuta Gestalt), i el segon condu\u00eft per la Meritxell Pom\u00e9s (Pedagoga del Consell Comarcal de l&#8217;Alt Empord\u00e0, Educadora social i terapeuta Gestalt) sobre la &#8220;Creaci\u00f3 d&#8217;espai de salut emocional a les entitats&#8221;.<\/p>\n<p>La sessi\u00f3 de tarda continuar\u00e0 amb els tallers paral\u00b7lels seg\u00fcents. En primer lloc el taller &#8220;Voluntariat amb assertivitat i empatia&#8221;, dinamitzat per la Nat\u00e0lia Ravetllat (Psicologa i terapeuta Gestalt). I en segon lloc, el taller &#8220;Lideratge i treball en equip pel benestar emocional&#8221;, dinamitzat per l&#8217;Enric Carol (Educador social i terapeuta Gestalt)<\/p>\n<p>La jornada es podr\u00e0 seguir a trav\u00e9s del compte de twitter <a href=\"https:\/\/twitter.com\/AEmpordainclou\" target=\"_blank\">@AEmpordainclou<\/a> i del <em>hashtag<\/em> <a href=\"https:\/\/twitter.com\/search?q=%23voluntariataltemporda&amp;src=typd\" target=\"_blank\">#voluntariataltemporda<\/a><\/p>\n<p>Podeu consultar el programa de la jornada en <a href=\"https:\/\/inclusioaltemporda.cat\/portal\/wp-content\/uploads\/D\u00cdPTIC-JORNADA-2016_DEFINITIU.pdf\" target=\"_blank\">aquest enlla\u00e7<\/a>.<\/p>\n<p>Les inscripcions a la jornada estaran obertes fins el dia 31 de mar\u00e7. Aquestes es poden fer a trav\u00e9s d&#8217;aquest <a href=\"http:\/\/goo.gl\/forms\/f45o67aXqv\" target=\"_blank\">formulari web<\/a>. Per a m\u00e9s informaci\u00f3 podeu contactar amb el Consell Comarcal de l&#8217;Alt Empord\u00e0 al tel\u00e8fon 972.67.70.50. \u00c9s indispensable la inscripci\u00f3 per poder participar al dinar, que s&#8217;ofereix gratu\u00eftament a les persones assistents.<\/p>\n<p>Aquesta \u00e9s una iniciativa de la Taula d&#8217;Inclusi\u00f3 de l&#8217;Alt Empord\u00e0 amb l&#8217;objectiu d&#8217;oferir un espai de formaci\u00f3 proper i de qualitat a les entitats de la comarca, que aquest any celebra la seva tercera edici\u00f3.<\/p>\n<p>&nbsp;<\/p>\n<p>&nbsp;<\/p>\n","protected":false},"excerpt":{"rendered":"<p>Aquesta \u00e9s una iniciativa de la Taula d&#8217;Inclusi\u00f3 de l&#8217;Alt Empord\u00e0 amb l&#8217;objectiu d&#8217;oferir un espai de formaci\u00f3 proper i de qualitat a les entitats de la comarca, que aquest any celebra la seva tercera edici\u00f3.<\/p>\n","protected":false},"author":2,"featured_media":5281,"comment_status":"closed","ping_status":"closed","sticky":false,"template":"","format":"standard","meta":{"footnotes":""},"categories":[106,33,100,101,105,104,103,1,108,12,11],"tags":[],"class_list":["post-5753","post","type-post","status-publish","format-standard","has-post-thumbnail","hentry","category-administracions","category-agenda","category-area-benestar","category-ciutadania","category-empreses","category-entitats-socials","category-estudiants-escoles-instituts","category-general","category-mitjans-comunicacio","category-pla-dinclusio-2","category-taula-inclusio","category-106","category-33","category-100","category-101","category-105","category-104","category-103","category-1","category-108","category-12","category-11","description-off"],"_links":{"self":[{"href":"https:\/\/inclusioaltemporda.cat\/portal\/wp-json\/wp\/v2\/posts\/5753","targetHints":{"allow":["GET"]}}],"collection":[{"href":"https:\/\/inclusioaltemporda.cat\/portal\/wp-json\/wp\/v2\/posts"}],"about":[{"href":"https:\/\/inclusioaltemporda.cat\/portal\/wp-json\/wp\/v2\/types\/post"}],"author":[{"embeddable":true,"href":"https:\/\/inclusioaltemporda.cat\/portal\/wp-json\/wp\/v2\/users\/2"}],"replies":[{"embeddable":true,"href":"https:\/\/inclusioaltemporda.cat\/portal\/wp-json\/wp\/v2\/comments?post=5753"}],"version-history":[{"count":5,"href":"https:\/\/inclusioaltemporda.cat\/portal\/wp-json\/wp\/v2\/posts\/5753\/revisions"}],"predecessor-version":[{"id":5759,"href":"https:\/\/inclusioaltemporda.cat\/portal\/wp-json\/wp\/v2\/posts\/5753\/revisions\/5759"}],"wp:featuredmedia":[{"embeddable":true,"href":"https:\/\/inclusioaltemporda.cat\/portal\/wp-json\/wp\/v2\/media\/5281"}],"wp:attachment":[{"href":"https:\/\/inclusioaltemporda.cat\/portal\/wp-json\/wp\/v2\/media?parent=5753"}],"wp:term":[{"taxonomy":"category","embeddable":true,"href":"https:\/\/inclusioaltemporda.cat\/portal\/wp-json\/wp\/v2\/categories?post=5753"},{"taxonomy":"post_tag","embeddable":true,"href":"https:\/\/inclusioaltemporda.cat\/portal\/wp-json\/wp\/v2\/tags?post=5753"}],"curies":[{"name":"wp","href":"https:\/\/api.w.org\/{rel}","templated":true}]}}