{"id":5773,"date":"2016-03-17T12:33:05","date_gmt":"2016-03-17T11:33:05","guid":{"rendered":"https:\/\/inclusioaltemporda.cat\/portal\/?p=5773"},"modified":"2016-03-17T13:19:14","modified_gmt":"2016-03-17T12:19:14","slug":"conferencia-reflexions-la-pobresa-amb-ulls-dinfant-al-consell-comarcal-el-proper-30-de-marc","status":"publish","type":"post","link":"https:\/\/inclusioaltemporda.cat\/portal\/conferencia-reflexions-la-pobresa-amb-ulls-dinfant-al-consell-comarcal-el-proper-30-de-marc\/","title":{"rendered":"Confer\u00e8ncia &#8220;Reflexions: la pobresa amb ulls d&#8217;infant&#8221; al Consell Comarcal"},"content":{"rendered":"<p>El proper 30 de mar\u00e7 tindr\u00e0 lloc al Consell Comarcal la confer\u00e8ncia-debat &#8220;Reflexions: la pobresa amb ulls d&#8217;infant&#8221; que anir\u00e0 a c\u00e0rrec del psic\u00f2leg i educador Jaume Funes.<\/p>\n<p>En el marc d&#8217;aquesta confer\u00e8ncia-debat, Funes presentar\u00e0 els resultats del treball portat a terme el darrer any per un grup de 60 professionals en el marc del projecte &#8220;Reflexions: la pobresa amb ulls d&#8217;infant&#8221; promogut pel programa CaixaProinf\u00e0ncia i el Palau Macaya, en el qual ha participat l&#8217;educador social Dani S\u00e1nchez, de l&#8217;\u00e0rea de Benestar del Consell Comarcal.<\/p>\n<p>L&#8217;intercanvi professional i les propostes treballades en el marc d&#8217;aquest projecte s&#8217;han recollit en diversos documents, que podeu <a href=\"http:\/\/obrasocial.lacaixa.es\/nuestroscentros\/palaumacaya\/lapobrezavistadesdelainfancia_ca.html\">consultar en aquest enlla\u00e7<\/a>.<\/p>\n<p>La confer\u00e8ncia-debat tindr\u00e0 lloc el 30 de mar\u00e7 de 12:00 a 14:00h al Consell Comarcal de l&#8217;Alt Empord\u00e0.<\/p>\n<p>Les places s\u00f3n limitades i cal reserva pr\u00e8via, que es pot fer a trav\u00e9s del correu electr\u00f2nic ssocials@altemporda.cat o via telef\u00f2nica 972 677 050.<\/p>\n","protected":false},"excerpt":{"rendered":"<p>El proper 30 de mar\u00e7 tindr\u00e0 lloc al Consell Comarcal la confer\u00e8ncia-debat &#8220;Reflexions: la pobresa amb ulls d&#8217;infant&#8221; que anir\u00e0 a c\u00e0rrec del psic\u00f2leg i educador Jaume Funes.<\/p>\n","protected":false},"author":3,"featured_media":5775,"comment_status":"closed","ping_status":"closed","sticky":false,"template":"","format":"standard","meta":{"footnotes":""},"categories":[33,100,107,101,104,103,1,108,12,102],"tags":[],"class_list":["post-5773","post","type-post","status-publish","format-standard","has-post-thumbnail","hentry","category-agenda","category-area-benestar","category-centres-recerca-universitats","category-ciutadania","category-entitats-socials","category-estudiants-escoles-instituts","category-general","category-mitjans-comunicacio","category-pla-dinclusio-2","category-professionals-ambit-social","category-33","category-100","category-107","category-101","category-104","category-103","category-1","category-108","category-12","category-102","description-off"],"_links":{"self":[{"href":"https:\/\/inclusioaltemporda.cat\/portal\/wp-json\/wp\/v2\/posts\/5773","targetHints":{"allow":["GET"]}}],"collection":[{"href":"https:\/\/inclusioaltemporda.cat\/portal\/wp-json\/wp\/v2\/posts"}],"about":[{"href":"https:\/\/inclusioaltemporda.cat\/portal\/wp-json\/wp\/v2\/types\/post"}],"author":[{"embeddable":true,"href":"https:\/\/inclusioaltemporda.cat\/portal\/wp-json\/wp\/v2\/users\/3"}],"replies":[{"embeddable":true,"href":"https:\/\/inclusioaltemporda.cat\/portal\/wp-json\/wp\/v2\/comments?post=5773"}],"version-history":[{"count":3,"href":"https:\/\/inclusioaltemporda.cat\/portal\/wp-json\/wp\/v2\/posts\/5773\/revisions"}],"predecessor-version":[{"id":5777,"href":"https:\/\/inclusioaltemporda.cat\/portal\/wp-json\/wp\/v2\/posts\/5773\/revisions\/5777"}],"wp:featuredmedia":[{"embeddable":true,"href":"https:\/\/inclusioaltemporda.cat\/portal\/wp-json\/wp\/v2\/media\/5775"}],"wp:attachment":[{"href":"https:\/\/inclusioaltemporda.cat\/portal\/wp-json\/wp\/v2\/media?parent=5773"}],"wp:term":[{"taxonomy":"category","embeddable":true,"href":"https:\/\/inclusioaltemporda.cat\/portal\/wp-json\/wp\/v2\/categories?post=5773"},{"taxonomy":"post_tag","embeddable":true,"href":"https:\/\/inclusioaltemporda.cat\/portal\/wp-json\/wp\/v2\/tags?post=5773"}],"curies":[{"name":"wp","href":"https:\/\/api.w.org\/{rel}","templated":true}]}}