{"id":5786,"date":"2016-04-04T10:28:41","date_gmt":"2016-04-04T09:28:41","guid":{"rendered":"https:\/\/inclusioaltemporda.cat\/portal\/?p=5786"},"modified":"2016-04-04T10:28:41","modified_gmt":"2016-04-04T09:28:41","slug":"mes-de-120-persones-a-la-jornada-de-formacio-de-la-taula-dinclusio","status":"publish","type":"post","link":"https:\/\/inclusioaltemporda.cat\/portal\/mes-de-120-persones-a-la-jornada-de-formacio-de-la-taula-dinclusio\/","title":{"rendered":"M\u00e9s de 120 persones a la jornada de formaci\u00f3 de la Taula d&#8217;Inclusi\u00f3"},"content":{"rendered":"<p>Dissabte passat va tenir lloc al Teatre Municipal de Roses la 3a jornada de formaci\u00f3 que organitza anualment la Taula d&#8217;Inclusi\u00f3 de l&#8217;Alt Empord\u00e0 i l&#8217;Equip T\u00e8cnic d&#8217;Inclusi\u00f3 i que ha comptat amb aquesta edici\u00f3 amb el suport i la col\u00b7laboraci\u00f3 de l&#8217;Ajuntament de Roses.<\/p>\n<p>M\u00e9s de 120 professionals i voluntaris de diverses entitats de la comarca van participar activament en una jornada de treball intensa que va comptar amb ponents i talleristes de reconeguda traject\u00f2ria i experi\u00e8ncia professional.<\/p>\n<p>Jordi Baiget, educador social i col\u00b7laborador de l&#8217;ONG Pallassos sense Fronteres va fer la pon\u00e8ncia inaugural centrada en el ball de les emocions i en la necessitat de con\u00e8ixer les habilitats i capacitats que tenim per poder acompanyar i treballar amb els altres.<\/p>\n<p>Les talleristes N\u00faria Ramos i Nat\u00e0lia Ravetllat van situar la reflexi\u00f3 en el primer taller sobre les situacions de conflicte i les oportunitats que aquestes poden generar en les persones i els equips de treball. En el segon taller aquestes professionals van treballar amb els participants l&#8217;assertivitat i l&#8217;empatia com a valors individuals i d&#8217;equip.<\/p>\n<p>Meritxell Pom\u00e9s va dinamitzar un taller creatiu orientat a crear espais de salut emocional per als professionals, els voluntaris i els equips de les entitats.<\/p>\n<p>Enric Carol va treballar a trav\u00e9s del moviment corporal diferents capacitats i habilitats personals amb la finalitat de detectar els punts forts i punts febles que\u00a0 es poden recon\u00e9ixer individualment per poder encetar un treball de millora en relaci\u00f3 a un mateix i en la relaci\u00f3 amb els altres.<\/p>\n<p>&nbsp;<\/p>\n<p>&nbsp;<\/p>\n","protected":false},"excerpt":{"rendered":"<p>Dissabte passat va tenir lloc al Teatre Municipal de Roses la 3a jornada de formaci\u00f3 que organitza anualment la Taula d&#8217;Inclusi\u00f3 de l&#8217;Alt Empord\u00e0 i l&#8217;Equip T\u00e8cnic d&#8217;Inclusi\u00f3 i que ha comptat amb aquesta edici\u00f3 amb el suport i la col\u00b7laboraci\u00f3 de l&#8217;Ajuntament de Roses.<\/p>\n","protected":false},"author":3,"featured_media":5787,"comment_status":"closed","ping_status":"closed","sticky":false,"template":"","format":"standard","meta":{"footnotes":""},"categories":[106,100,107,101,105,104,103,1,108,12,102,11],"tags":[],"class_list":["post-5786","post","type-post","status-publish","format-standard","has-post-thumbnail","hentry","category-administracions","category-area-benestar","category-centres-recerca-universitats","category-ciutadania","category-empreses","category-entitats-socials","category-estudiants-escoles-instituts","category-general","category-mitjans-comunicacio","category-pla-dinclusio-2","category-professionals-ambit-social","category-taula-inclusio","category-106","category-100","category-107","category-101","category-105","category-104","category-103","category-1","category-108","category-12","category-102","category-11","description-off"],"_links":{"self":[{"href":"https:\/\/inclusioaltemporda.cat\/portal\/wp-json\/wp\/v2\/posts\/5786","targetHints":{"allow":["GET"]}}],"collection":[{"href":"https:\/\/inclusioaltemporda.cat\/portal\/wp-json\/wp\/v2\/posts"}],"about":[{"href":"https:\/\/inclusioaltemporda.cat\/portal\/wp-json\/wp\/v2\/types\/post"}],"author":[{"embeddable":true,"href":"https:\/\/inclusioaltemporda.cat\/portal\/wp-json\/wp\/v2\/users\/3"}],"replies":[{"embeddable":true,"href":"https:\/\/inclusioaltemporda.cat\/portal\/wp-json\/wp\/v2\/comments?post=5786"}],"version-history":[{"count":1,"href":"https:\/\/inclusioaltemporda.cat\/portal\/wp-json\/wp\/v2\/posts\/5786\/revisions"}],"predecessor-version":[{"id":5788,"href":"https:\/\/inclusioaltemporda.cat\/portal\/wp-json\/wp\/v2\/posts\/5786\/revisions\/5788"}],"wp:featuredmedia":[{"embeddable":true,"href":"https:\/\/inclusioaltemporda.cat\/portal\/wp-json\/wp\/v2\/media\/5787"}],"wp:attachment":[{"href":"https:\/\/inclusioaltemporda.cat\/portal\/wp-json\/wp\/v2\/media?parent=5786"}],"wp:term":[{"taxonomy":"category","embeddable":true,"href":"https:\/\/inclusioaltemporda.cat\/portal\/wp-json\/wp\/v2\/categories?post=5786"},{"taxonomy":"post_tag","embeddable":true,"href":"https:\/\/inclusioaltemporda.cat\/portal\/wp-json\/wp\/v2\/tags?post=5786"}],"curies":[{"name":"wp","href":"https:\/\/api.w.org\/{rel}","templated":true}]}}