{"id":5789,"date":"2016-04-07T09:45:06","date_gmt":"2016-04-07T08:45:06","guid":{"rendered":"https:\/\/inclusioaltemporda.cat\/portal\/?p=5789"},"modified":"2016-04-07T09:45:06","modified_gmt":"2016-04-07T08:45:06","slug":"nova-jornada-transfronterera-de-professionals-de-la-intervencio-social-al-consell-comarcal","status":"publish","type":"post","link":"https:\/\/inclusioaltemporda.cat\/portal\/nova-jornada-transfronterera-de-professionals-de-la-intervencio-social-al-consell-comarcal\/","title":{"rendered":"Nova jornada transfronterera de professionals de la intervenci\u00f3 social al Consell Comarcal"},"content":{"rendered":"<p>Dimarts passat va tenir lloc la 4a jornada de treball i intercanvi entre professionals de la intervenci\u00f3 social al Consell Comarcal que va comptar amb la pres\u00e8ncia del director de la Casa de la Generalitat a Perpiny\u00e0, Josep Puigbert, i el conseller de l&#8217;\u00e0rea de Benestar, \u00c1lex Hernandez.<\/p>\n<p>Prop de 50 professionals d&#8217;administracions locals, entitats i centres de formaci\u00f3 van compartir aquesta jornada orientada a fomentar un millor coneixement dels serveis d&#8217;atenci\u00f3 a les persones a banda i banda de la frontera i a identificar els professionals de refer\u00e8ncia en els \u00e0mbits de la inf\u00e0ncia, els joves, els serveis d&#8217;acollida a persones estrangeres i la gent gran.<\/p>\n<p>Aquestes trobades formen part d&#8217;un projecte de cooperaci\u00f3 transfronterera subvencionat pel programa de subvencions pluriennals Eurodistricte, promogut per la Generalitat de Catalunya i el Conseil G\u00e9n\u00e9ral des Pyrinees Orientales. En el marc d\u2019aquest projecte, el soci franc\u00e9s organitza i dinamitza les sessions de treball entre professionals i l\u2019\u00e0rea de Benestar ha elaborat un diagn\u00f2stic social transfronterer que facilita informaci\u00f3 sobre la realitat social de l&#8217;espai catal\u00e0 transfronterer i dimensiona la poblaci\u00f3 en situaci\u00f3 m\u00e9s vulnerable.<\/p>\n<p>La jornada de cloenda d&#8217;aquest projecte tindr\u00e0 lloc el proper 7 de juny a l&#8217;IRTS a Perpignan.<\/p>\n<p>&nbsp;<\/p>\n","protected":false},"excerpt":{"rendered":"<p>Prop de 50 professionals d&#8217;administracions locals, entitats i centres de formaci\u00f3 van compartir una jornada de treball orientada a fomentar un millor coneixement dels serveis d&#8217;atenci\u00f3 a les persones a banda i banda de la frontera.<\/p>\n","protected":false},"author":3,"featured_media":5790,"comment_status":"closed","ping_status":"closed","sticky":false,"template":"","format":"standard","meta":{"footnotes":""},"categories":[106,100,107,105,104,1,108,12,102,115],"tags":[],"class_list":["post-5789","post","type-post","status-publish","format-standard","has-post-thumbnail","hentry","category-administracions","category-area-benestar","category-centres-recerca-universitats","category-empreses","category-entitats-socials","category-general","category-mitjans-comunicacio","category-pla-dinclusio-2","category-professionals-ambit-social","category-projectes-transfronterers","category-106","category-100","category-107","category-105","category-104","category-1","category-108","category-12","category-102","category-115","description-off"],"_links":{"self":[{"href":"https:\/\/inclusioaltemporda.cat\/portal\/wp-json\/wp\/v2\/posts\/5789","targetHints":{"allow":["GET"]}}],"collection":[{"href":"https:\/\/inclusioaltemporda.cat\/portal\/wp-json\/wp\/v2\/posts"}],"about":[{"href":"https:\/\/inclusioaltemporda.cat\/portal\/wp-json\/wp\/v2\/types\/post"}],"author":[{"embeddable":true,"href":"https:\/\/inclusioaltemporda.cat\/portal\/wp-json\/wp\/v2\/users\/3"}],"replies":[{"embeddable":true,"href":"https:\/\/inclusioaltemporda.cat\/portal\/wp-json\/wp\/v2\/comments?post=5789"}],"version-history":[{"count":2,"href":"https:\/\/inclusioaltemporda.cat\/portal\/wp-json\/wp\/v2\/posts\/5789\/revisions"}],"predecessor-version":[{"id":5792,"href":"https:\/\/inclusioaltemporda.cat\/portal\/wp-json\/wp\/v2\/posts\/5789\/revisions\/5792"}],"wp:featuredmedia":[{"embeddable":true,"href":"https:\/\/inclusioaltemporda.cat\/portal\/wp-json\/wp\/v2\/media\/5790"}],"wp:attachment":[{"href":"https:\/\/inclusioaltemporda.cat\/portal\/wp-json\/wp\/v2\/media?parent=5789"}],"wp:term":[{"taxonomy":"category","embeddable":true,"href":"https:\/\/inclusioaltemporda.cat\/portal\/wp-json\/wp\/v2\/categories?post=5789"},{"taxonomy":"post_tag","embeddable":true,"href":"https:\/\/inclusioaltemporda.cat\/portal\/wp-json\/wp\/v2\/tags?post=5789"}],"curies":[{"name":"wp","href":"https:\/\/api.w.org\/{rel}","templated":true}]}}