{"id":5807,"date":"2016-04-11T08:33:19","date_gmt":"2016-04-11T07:33:19","guid":{"rendered":"https:\/\/inclusioaltemporda.cat\/portal\/?p=5807"},"modified":"2016-04-11T08:35:18","modified_gmt":"2016-04-11T07:35:18","slug":"opinio-professional-materials-de-la-jornada-eines-per-a-la-gestio-emocional-dequips-i-voluntariat","status":"publish","type":"post","link":"https:\/\/inclusioaltemporda.cat\/portal\/opinio-professional-materials-de-la-jornada-eines-per-a-la-gestio-emocional-dequips-i-voluntariat\/","title":{"rendered":"Opini\u00f3 professional: Materials de la Jornada &#8220;Eines per a la gesti\u00f3 emocional d&#8217;equips i voluntariat&#8221;"},"content":{"rendered":"<p>El darrer recurs que ofereix l&#8217;<a href=\"https:\/\/inclusioaltemporda.cat\/portal\/professionals\/\" target=\"_blank\">Espai opini\u00f3 professional<\/a> s\u00f3n els materials de treball de la Jornada de formaci\u00f3 &#8220;Eines per a la gesti\u00f3 emocional d&#8217;equips i voluntariat&#8221; organitzada per la Taula d&#8217;Inclusi\u00f3 Social de l&#8217;Alt Empord\u00e0, l&#8217;Ajuntament de Roses i el Consell Comarcal el dia 2 d&#8217;abril de 2016.<\/p>\n<p>La Jornada tenia com a finalitat promoure la reflexi\u00f3 i el debat entorn la gesti\u00f3 emocional de voluntaris i equips professionals d&#8217;entitats.<\/p>\n<div data-canvas-width=\"708.0149999999996\">Podeu accedir al document a trav\u00e9s d&#8217;<a href=\"https:\/\/inclusioaltemporda.cat\/portal\/wp-content\/uploads\/Materials-formaci%C3%B3-Taula-2016.pdf\" target=\"_blank\">aquest enlla\u00e7<\/a>. Si voleu tamb\u00e9 podeu llegir i compartir altres articles elaborats per professionals que publiquem peri\u00f2dicament en l<a href=\"https:\/\/inclusioaltemporda.cat\/portal\/professionals\/\">&#8216;apartat Opini\u00f3 Professional d&#8217;aquesta web<\/a>.<\/div>\n<p>&nbsp;<\/p>\n<p>&nbsp;<\/p>\n","protected":false},"excerpt":{"rendered":"<p>Aquest mes l\u2019Espai Professional ofereix els materials de treball elaborats pels ponents i talleristes de la jornada de formaci\u00f3 celebrada el dia 2 d&#8217;abril a Roses.<\/p>\n","protected":false},"author":2,"featured_media":5810,"comment_status":"closed","ping_status":"closed","sticky":false,"template":"","format":"standard","meta":{"footnotes":""},"categories":[100,107,104,103,1,108,102],"tags":[],"class_list":["post-5807","post","type-post","status-publish","format-standard","has-post-thumbnail","hentry","category-area-benestar","category-centres-recerca-universitats","category-entitats-socials","category-estudiants-escoles-instituts","category-general","category-mitjans-comunicacio","category-professionals-ambit-social","category-100","category-107","category-104","category-103","category-1","category-108","category-102","description-off"],"_links":{"self":[{"href":"https:\/\/inclusioaltemporda.cat\/portal\/wp-json\/wp\/v2\/posts\/5807","targetHints":{"allow":["GET"]}}],"collection":[{"href":"https:\/\/inclusioaltemporda.cat\/portal\/wp-json\/wp\/v2\/posts"}],"about":[{"href":"https:\/\/inclusioaltemporda.cat\/portal\/wp-json\/wp\/v2\/types\/post"}],"author":[{"embeddable":true,"href":"https:\/\/inclusioaltemporda.cat\/portal\/wp-json\/wp\/v2\/users\/2"}],"replies":[{"embeddable":true,"href":"https:\/\/inclusioaltemporda.cat\/portal\/wp-json\/wp\/v2\/comments?post=5807"}],"version-history":[{"count":5,"href":"https:\/\/inclusioaltemporda.cat\/portal\/wp-json\/wp\/v2\/posts\/5807\/revisions"}],"predecessor-version":[{"id":5814,"href":"https:\/\/inclusioaltemporda.cat\/portal\/wp-json\/wp\/v2\/posts\/5807\/revisions\/5814"}],"wp:featuredmedia":[{"embeddable":true,"href":"https:\/\/inclusioaltemporda.cat\/portal\/wp-json\/wp\/v2\/media\/5810"}],"wp:attachment":[{"href":"https:\/\/inclusioaltemporda.cat\/portal\/wp-json\/wp\/v2\/media?parent=5807"}],"wp:term":[{"taxonomy":"category","embeddable":true,"href":"https:\/\/inclusioaltemporda.cat\/portal\/wp-json\/wp\/v2\/categories?post=5807"},{"taxonomy":"post_tag","embeddable":true,"href":"https:\/\/inclusioaltemporda.cat\/portal\/wp-json\/wp\/v2\/tags?post=5807"}],"curies":[{"name":"wp","href":"https:\/\/api.w.org\/{rel}","templated":true}]}}